{"id":21247,"date":"2015-01-19T09:06:41","date_gmt":"2015-01-19T07:06:41","guid":{"rendered":"http:\/\/sana.sy\/tr\/?p=21247"},"modified":"2015-01-27T09:27:10","modified_gmt":"2015-01-27T07:27:10","slug":"cumhurbaskani-bessar-el-esad-uluslararasi-parlamentolar-birligi-ipu-genel-sekreteri-martin-chungongu-kabul-ediyor","status":"publish","type":"post","link":"https:\/\/archive.sana.sy\/tr\/?p=21247","title":{"rendered":"Cumhurba\u015fkan\u0131 Be\u015f\u015far el Esad Uluslararas\u0131 Parlamentolar Birli\u011fi (IPU) Genel Sekreteri Martin Chungong\u2019u Kabul Ediyor"},"content":{"rendered":"<div id='gallery-1' class='gallery galleryid-21247 gallery-columns-2 gallery-size-thumbnail'><figure class='gallery-item'>\n\t\t\t<div class='gallery-icon landscape'>\n\t\t\t\t<a href='https:\/\/archive.sana.sy\/tr\/wp-content\/uploads\/2015\/01\/Esad-15.jpg'><img loading=\"lazy\" decoding=\"async\" width=\"150\" height=\"90\" src=\"https:\/\/archive.sana.sy\/tr\/wp-content\/uploads\/2015\/01\/Esad-15-150x90.jpg\" class=\"attachment-thumbnail size-thumbnail\" alt=\"\" srcset=\"https:\/\/archive.sana.sy\/tr\/wp-content\/uploads\/2015\/01\/Esad-15-150x90.jpg 150w, https:\/\/archive.sana.sy\/tr\/wp-content\/uploads\/2015\/01\/Esad-15-300x181.jpg 300w, https:\/\/archive.sana.sy\/tr\/wp-content\/uploads\/2015\/01\/Esad-15-1024x617.jpg 1024w\" sizes=\"auto, (max-width: 150px) 100vw, 150px\" \/><\/a>\n\t\t\t<\/div><\/figure><figure class='gallery-item'>\n\t\t\t<div class='gallery-icon landscape'>\n\t\t\t\t<a href='https:\/\/archive.sana.sy\/tr\/wp-content\/uploads\/2015\/01\/Esad-21.jpg'><img loading=\"lazy\" decoding=\"async\" width=\"150\" height=\"92\" src=\"https:\/\/archive.sana.sy\/tr\/wp-content\/uploads\/2015\/01\/Esad-21-150x92.jpg\" class=\"attachment-thumbnail size-thumbnail\" alt=\"\" srcset=\"https:\/\/archive.sana.sy\/tr\/wp-content\/uploads\/2015\/01\/Esad-21-150x92.jpg 150w, https:\/\/archive.sana.sy\/tr\/wp-content\/uploads\/2015\/01\/Esad-21-300x185.jpg 300w, https:\/\/archive.sana.sy\/tr\/wp-content\/uploads\/2015\/01\/Esad-21-1024x631.jpg 1024w\" sizes=\"auto, (max-width: 150px) 100vw, 150px\" \/><\/a>\n\t\t\t<\/div><\/figure><figure class='gallery-item'>\n\t\t\t<div class='gallery-icon landscape'>\n\t\t\t\t<a href='https:\/\/archive.sana.sy\/tr\/wp-content\/uploads\/2015\/01\/Esad-31.jpg'><img loading=\"lazy\" decoding=\"async\" width=\"150\" height=\"91\" src=\"https:\/\/archive.sana.sy\/tr\/wp-content\/uploads\/2015\/01\/Esad-31-150x91.jpg\" class=\"attachment-thumbnail size-thumbnail\" alt=\"\" srcset=\"https:\/\/archive.sana.sy\/tr\/wp-content\/uploads\/2015\/01\/Esad-31-150x91.jpg 150w, https:\/\/archive.sana.sy\/tr\/wp-content\/uploads\/2015\/01\/Esad-31-300x182.jpg 300w, https:\/\/archive.sana.sy\/tr\/wp-content\/uploads\/2015\/01\/Esad-31-1024x621.jpg 1024w\" sizes=\"auto, (max-width: 150px) 100vw, 150px\" \/><\/a>\n\t\t\t<\/div><\/figure><figure class='gallery-item'>\n\t\t\t<div class='gallery-icon landscape'>\n\t\t\t\t<a href='https:\/\/archive.sana.sy\/tr\/wp-content\/uploads\/2015\/01\/Esad-41.jpg'><img loading=\"lazy\" decoding=\"async\" width=\"150\" height=\"63\" src=\"https:\/\/archive.sana.sy\/tr\/wp-content\/uploads\/2015\/01\/Esad-41-150x63.jpg\" class=\"attachment-thumbnail size-thumbnail\" alt=\"\" srcset=\"https:\/\/archive.sana.sy\/tr\/wp-content\/uploads\/2015\/01\/Esad-41-150x63.jpg 150w, https:\/\/archive.sana.sy\/tr\/wp-content\/uploads\/2015\/01\/Esad-41-300x125.jpg 300w, https:\/\/archive.sana.sy\/tr\/wp-content\/uploads\/2015\/01\/Esad-41-1024x428.jpg 1024w\" sizes=\"auto, (max-width: 150px) 100vw, 150px\" \/><\/a>\n\t\t\t<\/div><\/figure>\n\t\t<\/div>\n\n<p>R.H<\/p>\n","protected":false},"excerpt":{"rendered":"<p>R.H<\/p>\n","protected":false},"author":1,"featured_media":21248,"comment_status":"closed","ping_status":"closed","sticky":false,"template":"","format":"standard","meta":{"footnotes":""},"categories":[6459],"tags":[10312],"class_list":["post-21247","post","type-post","status-publish","format-standard","has-post-thumbnail","","category-sana-fotolarl","tag-cumhurbaskani-bessar-el-esad-uluslararasi-parlamentolar-birligi-ipu-genel-sekreteri-martin-chungongu-kabul-ediyor"],"_links":{"self":[{"href":"https:\/\/archive.sana.sy\/tr\/index.php?rest_route=\/wp\/v2\/posts\/21247","targetHints":{"allow":["GET"]}}],"collection":[{"href":"https:\/\/archive.sana.sy\/tr\/index.php?rest_route=\/wp\/v2\/posts"}],"about":[{"href":"https:\/\/archive.sana.sy\/tr\/index.php?rest_route=\/wp\/v2\/types\/post"}],"author":[{"embeddable":true,"href":"https:\/\/archive.sana.sy\/tr\/index.php?rest_route=\/wp\/v2\/users\/1"}],"replies":[{"embeddable":true,"href":"https:\/\/archive.sana.sy\/tr\/index.php?rest_route=%2Fwp%2Fv2%2Fcomments&post=21247"}],"version-history":[{"count":0,"href":"https:\/\/archive.sana.sy\/tr\/index.php?rest_route=\/wp\/v2\/posts\/21247\/revisions"}],"wp:featuredmedia":[{"embeddable":true,"href":"https:\/\/archive.sana.sy\/tr\/index.php?rest_route=\/wp\/v2\/media\/21248"}],"wp:attachment":[{"href":"https:\/\/archive.sana.sy\/tr\/index.php?rest_route=%2Fwp%2Fv2%2Fmedia&parent=21247"}],"wp:term":[{"taxonomy":"category","embeddable":true,"href":"https:\/\/archive.sana.sy\/tr\/index.php?rest_route=%2Fwp%2Fv2%2Fcategories&post=21247"},{"taxonomy":"post_tag","embeddable":true,"href":"https:\/\/archive.sana.sy\/tr\/index.php?rest_route=%2Fwp%2Fv2%2Ftags&post=21247"}],"curies":[{"name":"wp","href":"https:\/\/api.w.org\/{rel}","templated":true}]}}