{"id":212482,"date":"2020-06-22T14:57:24","date_gmt":"2020-06-22T11:57:24","guid":{"rendered":"http:\/\/www.sana.sy\/tr\/?p=212482"},"modified":"2020-06-23T13:16:38","modified_gmt":"2020-06-23T10:16:38","slug":"sb-korona-virusunde-yeni-15-vaka-daha-tescil-edildi","status":"publish","type":"post","link":"https:\/\/archive.sana.sy\/tr\/?p=212482","title":{"rendered":"SB: Korona Vir\u00fcs\u00fcnde Yeni 15 Vaka Daha Tescil Edildi"},"content":{"rendered":"<p>\u015eAM \u2013 Sa\u011fl\u0131k Bakanl\u0131\u011f\u0131, bug\u00fcn korona vir\u00fcsinde yeni 15 vakan\u0131n\u0131n tescil edildi\u011fini b\u00f6ylece vaka say\u0131s\u0131n\u0131n 219\u2019a y\u00fckseldi\u011fini ilan etti.<\/p>\n<p>Bakanl\u0131k yay\u0131nlad\u0131\u011f\u0131 ve SANA\u2019n\u0131n bir n\u00fcshas\u0131n\u0131 ald\u0131\u011f\u0131 beyanda, bug\u00fcn ilan edilen vakalar\u0131n \u015eam ve \u015eam K\u0131rsal\u0131&#8217;nda temas halinde bulunan ki\u015filerde oldu\u011funu belirtti.<\/p>\n<p>Bakanl\u0131k, Suriye\u2019de tescil edilen korona vir\u00fcs vakalar\u0131 say\u0131s\u0131n\u0131n bug\u00fcne kadar 219\u2019a ula\u015ft\u0131\u011f\u0131n\u0131 bunlardan 83\u2019\u00fcn\u00fcn iyile\u015fti\u011fini ve 7\u2019sinin vefat etti\u011fine i\u015faret etti.<\/p>\n<p>\u00c7eviri: M.Y ve S.S<\/p>\n","protected":false},"excerpt":{"rendered":"<p>\u015eAM \u2013 Sa\u011fl\u0131k Bakanl\u0131\u011f\u0131, bug\u00fcn korona vir\u00fcsinde yeni 15 vakan\u0131n\u0131n tescil edildi\u011fini b\u00f6ylece vaka say\u0131s\u0131n\u0131n 219\u2019a y\u00fckseldi\u011fini ilan etti. Bakanl\u0131k yay\u0131nlad\u0131\u011f\u0131 ve SANA\u2019n\u0131n bir n\u00fcshas\u0131n\u0131 ald\u0131\u011f\u0131 beyanda, bug\u00fcn ilan edilen vakalar\u0131n \u015eam ve \u015eam K\u0131rsal\u0131&#8217;nda temas halinde bulunan ki\u015filerde oldu\u011funu belirtti. Bakanl\u0131k, Suriye\u2019de tescil edilen korona vir\u00fcs vakalar\u0131 say\u0131s\u0131n\u0131n bug\u00fcne kadar 219\u2019a ula\u015ft\u0131\u011f\u0131n\u0131 bunlardan 83\u2019\u00fcn\u00fcn &hellip;<\/p>\n","protected":false},"author":36,"featured_media":212483,"comment_status":"closed","ping_status":"closed","sticky":false,"template":"","format":"standard","meta":{"footnotes":""},"categories":[526,479,17988,525,478],"tags":[],"class_list":["post-212482","post","type-post","status-publish","format-standard","has-post-thumbnail","","category-haber-ve-raporlar","category-haberler-yerel","category-son-haberler","category-toplum","category-yerel"],"_links":{"self":[{"href":"https:\/\/archive.sana.sy\/tr\/index.php?rest_route=\/wp\/v2\/posts\/212482","targetHints":{"allow":["GET"]}}],"collection":[{"href":"https:\/\/archive.sana.sy\/tr\/index.php?rest_route=\/wp\/v2\/posts"}],"about":[{"href":"https:\/\/archive.sana.sy\/tr\/index.php?rest_route=\/wp\/v2\/types\/post"}],"author":[{"embeddable":true,"href":"https:\/\/archive.sana.sy\/tr\/index.php?rest_route=\/wp\/v2\/users\/36"}],"replies":[{"embeddable":true,"href":"https:\/\/archive.sana.sy\/tr\/index.php?rest_route=%2Fwp%2Fv2%2Fcomments&post=212482"}],"version-history":[{"count":0,"href":"https:\/\/archive.sana.sy\/tr\/index.php?rest_route=\/wp\/v2\/posts\/212482\/revisions"}],"wp:featuredmedia":[{"embeddable":true,"href":"https:\/\/archive.sana.sy\/tr\/index.php?rest_route=\/wp\/v2\/media\/212483"}],"wp:attachment":[{"href":"https:\/\/archive.sana.sy\/tr\/index.php?rest_route=%2Fwp%2Fv2%2Fmedia&parent=212482"}],"wp:term":[{"taxonomy":"category","embeddable":true,"href":"https:\/\/archive.sana.sy\/tr\/index.php?rest_route=%2Fwp%2Fv2%2Fcategories&post=212482"},{"taxonomy":"post_tag","embeddable":true,"href":"https:\/\/archive.sana.sy\/tr\/index.php?rest_route=%2Fwp%2Fv2%2Ftags&post=212482"}],"curies":[{"name":"wp","href":"https:\/\/api.w.org\/{rel}","templated":true}]}}