{"id":21252,"date":"2015-01-19T11:45:46","date_gmt":"2015-01-19T09:45:46","guid":{"rendered":"http:\/\/www.sana.sy\/tr\/?p=21252"},"modified":"2015-01-20T13:30:16","modified_gmt":"2015-01-20T11:30:16","slug":"iliman-muhaliflerin-kurbanlari-arasinda-yine-cocuk-var","status":"publish","type":"post","link":"https:\/\/archive.sana.sy\/tr\/?p=21252","title":{"rendered":"\u2018Il\u0131man Muhaliflerin\u2019 Kurbanlar\u0131 Aras\u0131nda Yine \u00c7ocuk Var"},"content":{"rendered":"<p>\u015eAM \u2013 Ter\u00f6r efendilerinin Suriye&#8217;de \u2018\u0131l\u0131man muhalifler\u2019 olarak adland\u0131rd\u0131klar\u0131 ter\u00f6r \u00e7etelerinin masum sivillere y\u00f6nelik gaddar sald\u0131r\u0131lar\u0131nda yine aralar\u0131nda \u00e7ocuklar\u0131n bulundu\u011fu krubanlar oldu.<\/p>\n<p>\u015eam Emniyet M\u00fcd\u00fcrl\u00fc\u011f\u00fcnde yetkili bir kaynak hain ve korkak ter\u00f6r \u00e7etelerinin bug\u00fcn ba\u015fkent \u015eam\u2019\u0131n Feyha Spor Stadyumunu 2 havan mermisiyle vurduklar\u0131n\u0131 belirtti. Kaynak Stadyumdaki basketbol sahas\u0131na d\u00fc\u015fen havan mermisinde sahada basketbol oynayan Sariye el Hacca adl\u0131 13 ya\u015f\u0131ndaki k\u0131z \u00e7ocu\u011funun \u015fehit d\u00fc\u015ft\u00fc\u011f\u00fcn\u00fc, iki k\u0131z\u0131n da a\u011f\u0131r yaraland\u0131\u011f\u0131n\u0131 aktard\u0131.<\/p>\n<p>Adevi Caddesinde de ter\u00f6ristlerin f\u0131rlatt\u0131klar\u0131 bir havan mermisinin d\u00fc\u015ft\u00fc\u011f\u00fcn\u00fc ifade eden kaynak, burada yine maddi hasar\u0131n olu\u015ftu\u011funu s\u00f6yledi.<\/p>\n<p>Kaynak s\u00f6z konusu iki b\u00f6lgenin ter\u00f6r \u00e7etelerinin bulundu\u011fu Cobar B\u00f6lgesine yak\u0131n olduklar\u0131na dikkat \u00e7ekti.<\/p>\n","protected":false},"excerpt":{"rendered":"<p>\u015eAM \u2013 Ter\u00f6r efendilerinin Suriye&#8217;de \u2018\u0131l\u0131man muhalifler\u2019 olarak adland\u0131rd\u0131klar\u0131 ter\u00f6r \u00e7etelerinin masum sivillere y\u00f6nelik gaddar sald\u0131r\u0131lar\u0131nda yine aralar\u0131nda \u00e7ocuklar\u0131n bulundu\u011fu krubanlar oldu. \u015eam Emniyet M\u00fcd\u00fcrl\u00fc\u011f\u00fcnde yetkili bir kaynak hain ve korkak ter\u00f6r \u00e7etelerinin bug\u00fcn ba\u015fkent \u015eam\u2019\u0131n Feyha Spor Stadyumunu 2 havan mermisiyle vurduklar\u0131n\u0131 belirtti. Kaynak Stadyumdaki basketbol sahas\u0131na d\u00fc\u015fen havan mermisinde sahada basketbol oynayan Sariye &hellip;<\/p>\n","protected":false},"author":1,"featured_media":15664,"comment_status":"closed","ping_status":"closed","sticky":false,"template":"","format":"standard","meta":{"footnotes":""},"categories":[575],"tags":[10313,10315,10314],"class_list":["post-21252","post","type-post","status-publish","format-standard","has-post-thumbnail","","category-olaylar-ve-gercekler","tag-iliman-muhaliflerin-kurbanlari-arasinda-yine-cocuk-var-sam-teror-efendilerinin-suriyede-iliman-muhalifler-olarak-adlandirdiklari-teror-cetelerinin-masum","tag-burada-yine-maddi-hasarin-olustugunu-soyledi-kaynak-soz-konusu-iki-bolgenin-teror-cetelerinin-bulundugu-cobar-bolgesine-yakin-olduklarina-dikkat-cekti","tag-iki-kizin-da-agir-yaralandigini-aktardi-adevi-caddesinde-de-teroristlerin-firlattiklari-bir-havan-mermisinin-dustugunu-ifade-eden-kaynak"],"_links":{"self":[{"href":"https:\/\/archive.sana.sy\/tr\/index.php?rest_route=\/wp\/v2\/posts\/21252","targetHints":{"allow":["GET"]}}],"collection":[{"href":"https:\/\/archive.sana.sy\/tr\/index.php?rest_route=\/wp\/v2\/posts"}],"about":[{"href":"https:\/\/archive.sana.sy\/tr\/index.php?rest_route=\/wp\/v2\/types\/post"}],"author":[{"embeddable":true,"href":"https:\/\/archive.sana.sy\/tr\/index.php?rest_route=\/wp\/v2\/users\/1"}],"replies":[{"embeddable":true,"href":"https:\/\/archive.sana.sy\/tr\/index.php?rest_route=%2Fwp%2Fv2%2Fcomments&post=21252"}],"version-history":[{"count":0,"href":"https:\/\/archive.sana.sy\/tr\/index.php?rest_route=\/wp\/v2\/posts\/21252\/revisions"}],"wp:featuredmedia":[{"embeddable":true,"href":"https:\/\/archive.sana.sy\/tr\/index.php?rest_route=\/wp\/v2\/media\/15664"}],"wp:attachment":[{"href":"https:\/\/archive.sana.sy\/tr\/index.php?rest_route=%2Fwp%2Fv2%2Fmedia&parent=21252"}],"wp:term":[{"taxonomy":"category","embeddable":true,"href":"https:\/\/archive.sana.sy\/tr\/index.php?rest_route=%2Fwp%2Fv2%2Fcategories&post=21252"},{"taxonomy":"post_tag","embeddable":true,"href":"https:\/\/archive.sana.sy\/tr\/index.php?rest_route=%2Fwp%2Fv2%2Ftags&post=21252"}],"curies":[{"name":"wp","href":"https:\/\/api.w.org\/{rel}","templated":true}]}}