{"id":212545,"date":"2020-06-23T15:20:37","date_gmt":"2020-06-23T12:20:37","guid":{"rendered":"http:\/\/www.sana.sy\/tr\/?p=212545"},"modified":"2020-06-24T17:29:32","modified_gmt":"2020-06-24T14:29:32","slug":"guney-bolgesinde-radikal-teror-gruplarindan-kalma-cephane-deposu-ele-gecirildi","status":"publish","type":"post","link":"https:\/\/archive.sana.sy\/tr\/?p=212545","title":{"rendered":"G\u00fcney B\u00f6lgesinde Radikal Ter\u00f6r Gruplar\u0131ndan Kalma Cephane Deposu Ele Ge\u00e7irildi (V\u0130DEO)"},"content":{"rendered":"<p>\u015eAM KIRSALI \u2013 G\u00fcney B\u00f6lgesinde g\u00fcvenlik birimleri taraf\u0131ndan s\u00fcrd\u00fcr\u00fclen arama tarama operasyonlar\u0131 s\u0131ras\u0131nda def edilen radikal ter\u00f6r gruplar\u0131ndan kalma bat\u0131 yap\u0131m\u0131 silahlar\u0131n bulundu\u011fu cephane deposu ele ge\u00e7irildi.<\/p>\n<p>G\u00fcvenlik birimlerinden bir kaynak SANA muhabirine bulundu\u011fu a\u00e7\u0131klamada; kurtar\u0131lan b\u00f6lgelerde g\u00fcvenli\u011fi sa\u011flamay\u0131 ama\u00e7layan arama tarama operasyonlar\u0131 s\u0131ras\u0131nda, b\u00f6lge halk\u0131n\u0131n ve g\u00fcvenlik birimlerinin bulunduklar\u0131 i\u015fbirli\u011fiyle G\u00fcney B\u00f6lgesinde radikal ter\u00f6r gruplar\u0131ndan kalma cephane deposunu ele ge\u00e7irildi\u011fini belirtti.<\/p>\n<p>Kayank; ele ge\u00e7irilen cephane deposunda \u00e7e\u015fitli silah ve m\u00fchimmat\u0131n yan\u0131s\u0131ra ABD men\u015feli keskin ni\u015fanc\u0131 t\u00fcfekleri, M16 t\u00fcfekleri, havan rampalar\u0131, farkl\u0131 t\u00fcr top mermileri ve a\u011f\u0131r makineli t\u00fcfeklerin bulundu\u011funu ekledi.<\/p>\n<p>Kaynak ayr\u0131ca; ele ge\u00e7irilen depoda cephanenin yan\u0131s\u0131ra yurt d\u0131\u015f\u0131ndan ter\u00f6ristlere takdim edilen t\u0131bbi te\u00e7hizatlar\u0131n\u0131n ve ila\u00e7lar\u0131n bulundu\u011funu da bildirdi.<\/p>\n<p>\u00c7eviri: P.M.<br \/>\n<iframe loading=\"lazy\" src=\"https:\/\/www.youtube.com\/embed\/uoFvK-IeQh8\" width=\"620\" height=\"347\" frameborder=\"0\" allowfullscreen=\"allowfullscreen\"><\/iframe><\/p>\n<div id='gallery-1' class='gallery galleryid-212545 gallery-columns-1 gallery-size-full'><figure class='gallery-item'>\n\t\t\t<div class='gallery-icon landscape'>\n\t\t\t\t<a href='https:\/\/archive.sana.sy\/tr\/wp-content\/uploads\/2020\/06\/2-294.jpg'><img loading=\"lazy\" decoding=\"async\" width=\"660\" height=\"371\" src=\"https:\/\/archive.sana.sy\/tr\/wp-content\/uploads\/2020\/06\/2-294.jpg\" class=\"attachment-full size-full\" alt=\"\" srcset=\"https:\/\/archive.sana.sy\/tr\/wp-content\/uploads\/2020\/06\/2-294.jpg 660w, https:\/\/archive.sana.sy\/tr\/wp-content\/uploads\/2020\/06\/2-294-300x169.jpg 300w, https:\/\/archive.sana.sy\/tr\/wp-content\/uploads\/2020\/06\/2-294-150x84.jpg 150w\" sizes=\"auto, (max-width: 660px) 100vw, 660px\" \/><\/a>\n\t\t\t<\/div><\/figure><figure class='gallery-item'>\n\t\t\t<div class='gallery-icon landscape'>\n\t\t\t\t<a href='https:\/\/archive.sana.sy\/tr\/wp-content\/uploads\/2020\/06\/3-242.jpg'><img loading=\"lazy\" decoding=\"async\" width=\"660\" height=\"371\" src=\"https:\/\/archive.sana.sy\/tr\/wp-content\/uploads\/2020\/06\/3-242.jpg\" class=\"attachment-full size-full\" alt=\"\" srcset=\"https:\/\/archive.sana.sy\/tr\/wp-content\/uploads\/2020\/06\/3-242.jpg 660w, https:\/\/archive.sana.sy\/tr\/wp-content\/uploads\/2020\/06\/3-242-300x169.jpg 300w, https:\/\/archive.sana.sy\/tr\/wp-content\/uploads\/2020\/06\/3-242-150x84.jpg 150w\" sizes=\"auto, (max-width: 660px) 100vw, 660px\" \/><\/a>\n\t\t\t<\/div><\/figure><figure class='gallery-item'>\n\t\t\t<div class='gallery-icon landscape'>\n\t\t\t\t<a href='https:\/\/archive.sana.sy\/tr\/wp-content\/uploads\/2020\/06\/4-206.jpg'><img loading=\"lazy\" decoding=\"async\" width=\"660\" height=\"366\" src=\"https:\/\/archive.sana.sy\/tr\/wp-content\/uploads\/2020\/06\/4-206.jpg\" class=\"attachment-full size-full\" alt=\"\" srcset=\"https:\/\/archive.sana.sy\/tr\/wp-content\/uploads\/2020\/06\/4-206.jpg 660w, https:\/\/archive.sana.sy\/tr\/wp-content\/uploads\/2020\/06\/4-206-300x166.jpg 300w, https:\/\/archive.sana.sy\/tr\/wp-content\/uploads\/2020\/06\/4-206-150x83.jpg 150w\" sizes=\"auto, (max-width: 660px) 100vw, 660px\" \/><\/a>\n\t\t\t<\/div><\/figure><figure class='gallery-item'>\n\t\t\t<div class='gallery-icon landscape'>\n\t\t\t\t<a href='https:\/\/archive.sana.sy\/tr\/wp-content\/uploads\/2020\/06\/5-187.jpg'><img loading=\"lazy\" decoding=\"async\" width=\"660\" height=\"371\" src=\"https:\/\/archive.sana.sy\/tr\/wp-content\/uploads\/2020\/06\/5-187.jpg\" class=\"attachment-full size-full\" alt=\"\" srcset=\"https:\/\/archive.sana.sy\/tr\/wp-content\/uploads\/2020\/06\/5-187.jpg 660w, https:\/\/archive.sana.sy\/tr\/wp-content\/uploads\/2020\/06\/5-187-300x169.jpg 300w, https:\/\/archive.sana.sy\/tr\/wp-content\/uploads\/2020\/06\/5-187-150x84.jpg 150w\" sizes=\"auto, (max-width: 660px) 100vw, 660px\" \/><\/a>\n\t\t\t<\/div><\/figure><figure class='gallery-item'>\n\t\t\t<div class='gallery-icon landscape'>\n\t\t\t\t<a href='https:\/\/archive.sana.sy\/tr\/wp-content\/uploads\/2020\/06\/6-148.jpg'><img loading=\"lazy\" decoding=\"async\" width=\"660\" height=\"371\" src=\"https:\/\/archive.sana.sy\/tr\/wp-content\/uploads\/2020\/06\/6-148.jpg\" class=\"attachment-full size-full\" alt=\"\" srcset=\"https:\/\/archive.sana.sy\/tr\/wp-content\/uploads\/2020\/06\/6-148.jpg 660w, https:\/\/archive.sana.sy\/tr\/wp-content\/uploads\/2020\/06\/6-148-300x169.jpg 300w, https:\/\/archive.sana.sy\/tr\/wp-content\/uploads\/2020\/06\/6-148-150x84.jpg 150w\" sizes=\"auto, (max-width: 660px) 100vw, 660px\" \/><\/a>\n\t\t\t<\/div><\/figure><figure class='gallery-item'>\n\t\t\t<div class='gallery-icon landscape'>\n\t\t\t\t<a href='https:\/\/archive.sana.sy\/tr\/wp-content\/uploads\/2020\/06\/7-137.jpg'><img loading=\"lazy\" decoding=\"async\" width=\"660\" height=\"371\" src=\"https:\/\/archive.sana.sy\/tr\/wp-content\/uploads\/2020\/06\/7-137.jpg\" class=\"attachment-full size-full\" alt=\"\" srcset=\"https:\/\/archive.sana.sy\/tr\/wp-content\/uploads\/2020\/06\/7-137.jpg 660w, https:\/\/archive.sana.sy\/tr\/wp-content\/uploads\/2020\/06\/7-137-300x169.jpg 300w, https:\/\/archive.sana.sy\/tr\/wp-content\/uploads\/2020\/06\/7-137-150x84.jpg 150w\" sizes=\"auto, (max-width: 660px) 100vw, 660px\" \/><\/a>\n\t\t\t<\/div><\/figure><figure class='gallery-item'>\n\t\t\t<div class='gallery-icon landscape'>\n\t\t\t\t<a href='https:\/\/archive.sana.sy\/tr\/wp-content\/uploads\/2020\/06\/8-124.jpg'><img loading=\"lazy\" decoding=\"async\" width=\"660\" height=\"371\" src=\"https:\/\/archive.sana.sy\/tr\/wp-content\/uploads\/2020\/06\/8-124.jpg\" class=\"attachment-full size-full\" alt=\"\" srcset=\"https:\/\/archive.sana.sy\/tr\/wp-content\/uploads\/2020\/06\/8-124.jpg 660w, https:\/\/archive.sana.sy\/tr\/wp-content\/uploads\/2020\/06\/8-124-300x169.jpg 300w, https:\/\/archive.sana.sy\/tr\/wp-content\/uploads\/2020\/06\/8-124-150x84.jpg 150w\" sizes=\"auto, (max-width: 660px) 100vw, 660px\" \/><\/a>\n\t\t\t<\/div><\/figure>\n\t\t<\/div>\n\n","protected":false},"excerpt":{"rendered":"<p>\u015eAM KIRSALI \u2013 G\u00fcney B\u00f6lgesinde g\u00fcvenlik birimleri taraf\u0131ndan s\u00fcrd\u00fcr\u00fclen arama tarama operasyonlar\u0131 s\u0131ras\u0131nda def edilen radikal ter\u00f6r gruplar\u0131ndan kalma bat\u0131 yap\u0131m\u0131 silahlar\u0131n bulundu\u011fu cephane deposu ele ge\u00e7irildi. G\u00fcvenlik birimlerinden bir kaynak SANA muhabirine bulundu\u011fu a\u00e7\u0131klamada; kurtar\u0131lan b\u00f6lgelerde g\u00fcvenli\u011fi sa\u011flamay\u0131 ama\u00e7layan arama tarama operasyonlar\u0131 s\u0131ras\u0131nda, b\u00f6lge halk\u0131n\u0131n ve g\u00fcvenlik birimlerinin bulunduklar\u0131 i\u015fbirli\u011fiyle G\u00fcney B\u00f6lgesinde radikal ter\u00f6r &hellip;<\/p>\n","protected":false},"author":1,"featured_media":212546,"comment_status":"closed","ping_status":"closed","sticky":false,"template":"","format":"standard","meta":{"footnotes":""},"categories":[596,479,17988,478],"tags":[],"class_list":["post-212545","post","type-post","status-publish","format-standard","has-post-thumbnail","","category-fotografli-raporlar","category-haberler-yerel","category-son-haberler","category-yerel"],"_links":{"self":[{"href":"https:\/\/archive.sana.sy\/tr\/index.php?rest_route=\/wp\/v2\/posts\/212545","targetHints":{"allow":["GET"]}}],"collection":[{"href":"https:\/\/archive.sana.sy\/tr\/index.php?rest_route=\/wp\/v2\/posts"}],"about":[{"href":"https:\/\/archive.sana.sy\/tr\/index.php?rest_route=\/wp\/v2\/types\/post"}],"author":[{"embeddable":true,"href":"https:\/\/archive.sana.sy\/tr\/index.php?rest_route=\/wp\/v2\/users\/1"}],"replies":[{"embeddable":true,"href":"https:\/\/archive.sana.sy\/tr\/index.php?rest_route=%2Fwp%2Fv2%2Fcomments&post=212545"}],"version-history":[{"count":0,"href":"https:\/\/archive.sana.sy\/tr\/index.php?rest_route=\/wp\/v2\/posts\/212545\/revisions"}],"wp:featuredmedia":[{"embeddable":true,"href":"https:\/\/archive.sana.sy\/tr\/index.php?rest_route=\/wp\/v2\/media\/212546"}],"wp:attachment":[{"href":"https:\/\/archive.sana.sy\/tr\/index.php?rest_route=%2Fwp%2Fv2%2Fmedia&parent=212545"}],"wp:term":[{"taxonomy":"category","embeddable":true,"href":"https:\/\/archive.sana.sy\/tr\/index.php?rest_route=%2Fwp%2Fv2%2Fcategories&post=212545"},{"taxonomy":"post_tag","embeddable":true,"href":"https:\/\/archive.sana.sy\/tr\/index.php?rest_route=%2Fwp%2Fv2%2Ftags&post=212545"}],"curies":[{"name":"wp","href":"https:\/\/api.w.org\/{rel}","templated":true}]}}