{"id":21266,"date":"2015-01-19T15:56:51","date_gmt":"2015-01-19T13:56:51","guid":{"rendered":"http:\/\/www.sana.sy\/tr\/?p=21266"},"modified":"2015-01-19T15:56:51","modified_gmt":"2015-01-19T13:56:51","slug":"sendika-ve-sivil-toplum-orgutlerin-onemi-buyuktur","status":"publish","type":"post","link":"https:\/\/archive.sana.sy\/tr\/?p=21266","title":{"rendered":"Sendika ve Sivil Toplum \u00d6rg\u00fctlerin \u00d6nemi B\u00fcy\u00fckt\u00fcr"},"content":{"rendered":"<p>\u015eAM \u2013 Ba\u015fbakan Vail el Halaki bug\u00fcn M\u00fchendisler Sendikas\u0131n\u0131n yeni y\u00fcr\u00fctme ofis \u00fcyeleri ile bir araya geldi.<\/p>\n<p>Halaki oturumda mesleki sendikalara ilaveten sivil toplum kurumlar\u0131 ve \u00f6rg\u00fctlerin ge\u00e7mi\u015fte Suriye&#8217;nin kalk\u0131nd\u0131r\u0131lmas\u0131 s\u00fcrecinde oynad\u0131klar\u0131 role dikkat \u00e7ekerken, \u015fu an yeniden yap\u0131land\u0131r\u0131lmas\u0131nda da onlara b\u00fcy\u00fck ve \u00f6nemli bir rol d\u00fc\u015ft\u00fc\u011f\u00fcn\u00fc vurgulad\u0131. Yeniden yap\u0131lanma ve kalk\u0131nmayla birlikte vatan\u0131n korunmas\u0131nda Suriye toplumunun t\u00fcm bile\u015fenlerine sorumluluk d\u00fc\u015ft\u00fc\u011f\u00fcne dikkat \u00e7eken Halaki; d\u0131\u015f g\u00fc\u00e7lerin y\u00f6n<a href=\"http:\/\/www.sana.sy\/tr\/wp-content\/uploads\/2015\/01\/ba\u015fbakan-1.jpg\"><img loading=\"lazy\" decoding=\"async\" class=\"alignright wp-image-21267 size-medium\" src=\"http:\/\/www.sana.sy\/tr\/wp-content\/uploads\/2015\/01\/ba\u015fbakan-1-300x200.jpg\" alt=\"ba\u015fbakan 1\" width=\"300\" height=\"200\" srcset=\"https:\/\/archive.sana.sy\/tr\/wp-content\/uploads\/2015\/01\/ba\u015fbakan-1-300x200.jpg 300w, https:\/\/archive.sana.sy\/tr\/wp-content\/uploads\/2015\/01\/ba\u015fbakan-1-150x100.jpg 150w, https:\/\/archive.sana.sy\/tr\/wp-content\/uploads\/2015\/01\/ba\u015fbakan-1-1024x681.jpg 1024w\" sizes=\"auto, (max-width: 300px) 100vw, 300px\" \/><\/a>lendirmeleri ve destekleriyle ter\u00f6r \u00e7etelerinin sabote ettikleri altyap\u0131 ve hizmet kurumlar\u0131n\u0131 yeniden hizmete ge\u00e7irmede m\u00fchendislerin \u00e7al\u0131\u015fmalar\u0131na i\u015faret etti.<\/p>\n<p>M\u00fchendisler Sendikas\u0131 Ba\u015fkan\u0131 Gayyas Ktayni ve y\u00fcr\u00fctme ofis \u00fcyeleri oturumda; Suriye ve halk\u0131na y\u00f6nelik evrensel sava\u015f ve ekonomik yapt\u0131r\u0131mlar nedeniyle \u00e7al\u0131\u015fmalar\u0131nda kar\u015f\u0131la\u015ft\u0131klar\u0131 zorluklara \u0131\u015f\u0131k tuttu. Vatan\u0131 yeniden yap\u0131land\u0131rma ve kal\u0131nmas\u0131n\u0131 sa\u011flamada sendikan\u0131n \u00fcst\u00fcne d\u00fc\u015fen g\u00f6revi duyarl\u0131l\u0131k ve sorumlulukla yerine getirmeye haz\u0131r oldu\u011funu ifade eden sendika yetkilileri; ter\u00f6re kar\u015f\u0131 sava\u015fta Suriye ordusunun gereksinim ve ihtiya\u00e7lar\u0131n\u0131n kar\u015f\u0131lanmas\u0131n\u0131n t\u00fcm \u00f6nceliklerin ba\u015f\u0131nda oldu\u011funa dikkat \u00e7ekti.<\/p>\n","protected":false},"excerpt":{"rendered":"<p>\u015eAM \u2013 Ba\u015fbakan Vail el Halaki bug\u00fcn M\u00fchendisler Sendikas\u0131n\u0131n yeni y\u00fcr\u00fctme ofis \u00fcyeleri ile bir araya geldi. Halaki oturumda mesleki sendikalara ilaveten sivil toplum kurumlar\u0131 ve \u00f6rg\u00fctlerin ge\u00e7mi\u015fte Suriye&#8217;nin kalk\u0131nd\u0131r\u0131lmas\u0131 s\u00fcrecinde oynad\u0131klar\u0131 role dikkat \u00e7ekerken, \u015fu an yeniden yap\u0131land\u0131r\u0131lmas\u0131nda da onlara b\u00fcy\u00fck ve \u00f6nemli bir rol d\u00fc\u015ft\u00fc\u011f\u00fcn\u00fc vurgulad\u0131. Yeniden yap\u0131lanma ve kalk\u0131nmayla birlikte vatan\u0131n korunmas\u0131nda &hellip;<\/p>\n","protected":false},"author":1,"featured_media":21268,"comment_status":"closed","ping_status":"closed","sticky":false,"template":"","format":"standard","meta":{"footnotes":""},"categories":[479,478],"tags":[10316,10317],"class_list":["post-21266","post","type-post","status-publish","format-standard","has-post-thumbnail","","category-haberler-yerel","category-yerel","tag-sendika-ve-sivil-toplum-orgutlerin-onemi-buyuktur-sam-basbakan-vail-el-halaki-bugun-muhendisler-sendikasinin-yeni-yurutme-ofis-uyeleri-ile-bir-araya-geldi-halaki-oturumda-mesleki-sendikalar","tag-su-an-yeniden-yapilandirilmasinda-da-onlara-buyuk-ve-onemli-bir-rol-dustugunu-vurguladi-yeniden-yapilanma-ve-kalkinmayla-birlikte-vatanin-korunmasinda-suriye-toplumunun-tum-bilesenlerine-sorumluluk-d"],"_links":{"self":[{"href":"https:\/\/archive.sana.sy\/tr\/index.php?rest_route=\/wp\/v2\/posts\/21266","targetHints":{"allow":["GET"]}}],"collection":[{"href":"https:\/\/archive.sana.sy\/tr\/index.php?rest_route=\/wp\/v2\/posts"}],"about":[{"href":"https:\/\/archive.sana.sy\/tr\/index.php?rest_route=\/wp\/v2\/types\/post"}],"author":[{"embeddable":true,"href":"https:\/\/archive.sana.sy\/tr\/index.php?rest_route=\/wp\/v2\/users\/1"}],"replies":[{"embeddable":true,"href":"https:\/\/archive.sana.sy\/tr\/index.php?rest_route=%2Fwp%2Fv2%2Fcomments&post=21266"}],"version-history":[{"count":0,"href":"https:\/\/archive.sana.sy\/tr\/index.php?rest_route=\/wp\/v2\/posts\/21266\/revisions"}],"wp:featuredmedia":[{"embeddable":true,"href":"https:\/\/archive.sana.sy\/tr\/index.php?rest_route=\/wp\/v2\/media\/21268"}],"wp:attachment":[{"href":"https:\/\/archive.sana.sy\/tr\/index.php?rest_route=%2Fwp%2Fv2%2Fmedia&parent=21266"}],"wp:term":[{"taxonomy":"category","embeddable":true,"href":"https:\/\/archive.sana.sy\/tr\/index.php?rest_route=%2Fwp%2Fv2%2Fcategories&post=21266"},{"taxonomy":"post_tag","embeddable":true,"href":"https:\/\/archive.sana.sy\/tr\/index.php?rest_route=%2Fwp%2Fv2%2Ftags&post=21266"}],"curies":[{"name":"wp","href":"https:\/\/api.w.org\/{rel}","templated":true}]}}