{"id":21270,"date":"2015-01-19T17:45:46","date_gmt":"2015-01-19T15:45:46","guid":{"rendered":"http:\/\/www.sana.sy\/tr\/?p=21270"},"modified":"2015-01-19T16:31:20","modified_gmt":"2015-01-19T14:31:20","slug":"suudi-krallik-rejimi-direk-ates-emri-verdi","status":"publish","type":"post","link":"https:\/\/archive.sana.sy\/tr\/?p=21270","title":{"rendered":"Suudi Krall\u0131k Rejimi Direk Ate\u015f Emri Verdi"},"content":{"rendered":"<p>R\u0130YAD \u2013 Suriye ve Irak\u2019ta y\u0131llarca silahland\u0131rmas\u0131, e\u011fitmesi ve finanse etti\u011fi ter\u00f6r\u00fcn ac\u0131s\u0131n\u0131 hafiften almas\u0131 ard\u0131ndan Suudi Arabistan\u2019daki krall\u0131k rejimi s\u0131n\u0131r muhaf\u0131zlar\u0131na Irak\u2019tan s\u0131zmaya \u00e7al\u0131\u015facak herhangi bir ki\u015fiye direk ate\u015f a\u00e7ma talimatlar\u0131 verdi.<\/p>\n<p>AFP\u2019nin aktard\u0131\u011f\u0131 a\u00e7\u0131klamalar\u0131nda Krall\u0131k rejiminin s\u0131n\u0131r muhaf\u0131zlar\u0131 genel komutan\u0131 T\u00fcmgeneral Muhammed el Gamidi; Irak s\u0131n\u0131rlar\u0131ndan ge\u00e7meye \u00e7al\u0131\u015facak herhangi birine hi\u00e7bir uyar\u0131 olmaks\u0131z\u0131n direk ate\u015f a\u00e7ma emirlerinin askerlere bildirildi\u011fini s\u00f6yledi.<\/p>\n<p>Gamidi kraal\u0131k rejiminin Irak ile s\u0131n\u0131rlar\u0131 boyunca 900 km boyunca geli\u015fmi\u015f modern kamera sistemi yerle\u015ftirme \u00e7al\u0131\u015fmalar\u0131n\u0131 s\u00fcrd\u00fcrd\u00fc\u011f\u00fcn\u00fc ifade etti.<\/p>\n","protected":false},"excerpt":{"rendered":"<p>R\u0130YAD \u2013 Suriye ve Irak\u2019ta y\u0131llarca silahland\u0131rmas\u0131, e\u011fitmesi ve finanse etti\u011fi ter\u00f6r\u00fcn ac\u0131s\u0131n\u0131 hafiften almas\u0131 ard\u0131ndan Suudi Arabistan\u2019daki krall\u0131k rejimi s\u0131n\u0131r muhaf\u0131zlar\u0131na Irak\u2019tan s\u0131zmaya \u00e7al\u0131\u015facak herhangi bir ki\u015fiye direk ate\u015f a\u00e7ma talimatlar\u0131 verdi. AFP\u2019nin aktard\u0131\u011f\u0131 a\u00e7\u0131klamalar\u0131nda Krall\u0131k rejiminin s\u0131n\u0131r muhaf\u0131zlar\u0131 genel komutan\u0131 T\u00fcmgeneral Muhammed el Gamidi; Irak s\u0131n\u0131rlar\u0131ndan ge\u00e7meye \u00e7al\u0131\u015facak herhangi birine hi\u00e7bir uyar\u0131 olmaks\u0131z\u0131n &hellip;<\/p>\n","protected":false},"author":1,"featured_media":21271,"comment_status":"closed","ping_status":"closed","sticky":false,"template":"","format":"standard","meta":{"footnotes":""},"categories":[458,459,447],"tags":[10319,10318],"class_list":["post-21270","post","type-post","status-publish","format-standard","has-post-thumbnail","","category-dunya1","category-haberler-arap-uluslararasi-politika","category-politika","tag-egitmesi-ve-finanse-ettigi-terorun-acisini-hafiften-almasi-ardindan-suudi-arabistandaki-krallik-rejimi-sinir-muhafizlarina-iraktan-sizmaya-calisacak-herhangi-bir-kisiye-direk-ates-ac","tag-suudi-krallik-rejimi-direk-ates-emri-verdi-riyad-suriye-ve-irakta-yillarca-silahlandirmasi"],"_links":{"self":[{"href":"https:\/\/archive.sana.sy\/tr\/index.php?rest_route=\/wp\/v2\/posts\/21270","targetHints":{"allow":["GET"]}}],"collection":[{"href":"https:\/\/archive.sana.sy\/tr\/index.php?rest_route=\/wp\/v2\/posts"}],"about":[{"href":"https:\/\/archive.sana.sy\/tr\/index.php?rest_route=\/wp\/v2\/types\/post"}],"author":[{"embeddable":true,"href":"https:\/\/archive.sana.sy\/tr\/index.php?rest_route=\/wp\/v2\/users\/1"}],"replies":[{"embeddable":true,"href":"https:\/\/archive.sana.sy\/tr\/index.php?rest_route=%2Fwp%2Fv2%2Fcomments&post=21270"}],"version-history":[{"count":0,"href":"https:\/\/archive.sana.sy\/tr\/index.php?rest_route=\/wp\/v2\/posts\/21270\/revisions"}],"wp:featuredmedia":[{"embeddable":true,"href":"https:\/\/archive.sana.sy\/tr\/index.php?rest_route=\/wp\/v2\/media\/21271"}],"wp:attachment":[{"href":"https:\/\/archive.sana.sy\/tr\/index.php?rest_route=%2Fwp%2Fv2%2Fmedia&parent=21270"}],"wp:term":[{"taxonomy":"category","embeddable":true,"href":"https:\/\/archive.sana.sy\/tr\/index.php?rest_route=%2Fwp%2Fv2%2Fcategories&post=21270"},{"taxonomy":"post_tag","embeddable":true,"href":"https:\/\/archive.sana.sy\/tr\/index.php?rest_route=%2Fwp%2Fv2%2Ftags&post=21270"}],"curies":[{"name":"wp","href":"https:\/\/api.w.org\/{rel}","templated":true}]}}