{"id":21273,"date":"2015-01-19T19:41:18","date_gmt":"2015-01-19T17:41:18","guid":{"rendered":"http:\/\/www.sana.sy\/tr\/?p=21273"},"modified":"2015-01-19T19:41:54","modified_gmt":"2015-01-19T17:41:54","slug":"sert-kis-kosullari-ve-kriz-halki-farkli-alternatiflere-yoneltti","status":"publish","type":"post","link":"https:\/\/archive.sana.sy\/tr\/?p=21273","title":{"rendered":"Sert K\u0131\u015f Ko\u015fullar\u0131 ve Kriz Halk\u0131 Farkl\u0131 Alternatiflere Y\u00f6neltti"},"content":{"rendered":"<p>HOMS \u2013 \u015eiddetli k\u0131\u015f ko\u015fullar\u0131 ve \u00fclkede ya\u015fanan olaylar Suriye halk\u0131n\u0131 ya\u015fam\u0131n bir \u00e7ok alan\u0131nda alternatif y\u00f6ntemlerle temel ihtiya\u00e7lar\u0131n\u0131 kar\u015f\u0131lamaya y\u00f6neltti.<\/p>\n<p>Zeytin ve zeytinya\u011f\u0131 \u00fcretiminin yo\u011fun olarak yap\u0131ld\u0131\u011f\u0131 Homs ili sakinleri mazot ve di\u011fer yak\u0131t maddelerinin temin edilmesindeki s\u0131k\u0131nt\u0131lar\u0131 ortadan kald\u0131rmak amac\u0131yla \u0131s\u0131nmada zeytinya\u011f\u0131 fabrikalar\u0131n\u0131n at\u0131\u011f\u0131ndan \u00fcretilen pirina ile \u0131s\u0131nmaya y\u00f6neldiler.<\/p>\n<p>SANA ya\u015fam b\u00fclteni konuyla ilgili Homs Kentinde Akrema Park\u0131nda sabahtan ak\u015fama kadar pirina satan Ebu Mutaz ile g\u00f6r\u00fc\u015ft\u00fc.<\/p>\n<p>Pirinay\u0131 Tartus ilinden getirdi\u011fine i\u015faret eden Ebu Mutaz; g\u00fcnl\u00fck olarak ortalama bir kamyon pirinay\u0131 \u00e7uval \u00e7uval satt\u0131\u011f\u0131n\u0131 belirtti.<\/p>\n<p>Pirinan\u0131n gerek \u0131s\u0131 kalitesi gerekse daha kolay temin edilmesi nedeniyle halk taraf\u0131ndan b\u00fcy\u00fck ilgiyle kar\u015f\u0131land\u0131\u011f\u0131na i\u015faret eden Ebu Mutaz; g\u00fcnde yakla\u015f\u0131k 1 ton pirina satt\u0131\u011f\u0131n\u0131 belirtti.<\/p>\n<p>\u00d6te yandan Ebu Mutaz\u2019\u0131n m\u00fc\u015fterilerinden olan Ebu Nadir pirinan\u0131n g\u00fczel \u0131s\u0131tt\u0131\u011f\u0131n\u0131 ve g\u00fcnde 1 kiloluk pirinalardan ortalama 5 ya da 7 taneyle \u0131s\u0131nma evini \u0131s\u0131tt\u0131\u011f\u0131n\u0131 dile getirdi.<\/p>\n<p>F.B. &#8211; A.A.<\/p>\n","protected":false},"excerpt":{"rendered":"<p>HOMS \u2013 \u015eiddetli k\u0131\u015f ko\u015fullar\u0131 ve \u00fclkede ya\u015fanan olaylar Suriye halk\u0131n\u0131 ya\u015fam\u0131n bir \u00e7ok alan\u0131nda alternatif y\u00f6ntemlerle temel ihtiya\u00e7lar\u0131n\u0131 kar\u015f\u0131lamaya y\u00f6neltti. Zeytin ve zeytinya\u011f\u0131 \u00fcretiminin yo\u011fun olarak yap\u0131ld\u0131\u011f\u0131 Homs ili sakinleri mazot ve di\u011fer yak\u0131t maddelerinin temin edilmesindeki s\u0131k\u0131nt\u0131lar\u0131 ortadan kald\u0131rmak amac\u0131yla \u0131s\u0131nmada zeytinya\u011f\u0131 fabrikalar\u0131n\u0131n at\u0131\u011f\u0131ndan \u00fcretilen pirina ile \u0131s\u0131nmaya y\u00f6neldiler. SANA ya\u015fam b\u00fclteni konuyla &hellip;<\/p>\n","protected":false},"author":1,"featured_media":21274,"comment_status":"closed","ping_status":"closed","sticky":false,"template":"","format":"standard","meta":{"footnotes":""},"categories":[526,479,525,478],"tags":[10320],"class_list":["post-21273","post","type-post","status-publish","format-standard","has-post-thumbnail","","category-haber-ve-raporlar","category-haberler-yerel","category-toplum","category-yerel","tag-sert-kis-kosullari-ve-kriz-halki-farkli-alternatiflere-yoneltti-homs-siddetli-kis-kosullari-ve-ulkede-yasanan-olaylar-suriye-halkini-yasamin-bir-cok-alaninda-alternatif-yontemlerle-temel-iht"],"_links":{"self":[{"href":"https:\/\/archive.sana.sy\/tr\/index.php?rest_route=\/wp\/v2\/posts\/21273","targetHints":{"allow":["GET"]}}],"collection":[{"href":"https:\/\/archive.sana.sy\/tr\/index.php?rest_route=\/wp\/v2\/posts"}],"about":[{"href":"https:\/\/archive.sana.sy\/tr\/index.php?rest_route=\/wp\/v2\/types\/post"}],"author":[{"embeddable":true,"href":"https:\/\/archive.sana.sy\/tr\/index.php?rest_route=\/wp\/v2\/users\/1"}],"replies":[{"embeddable":true,"href":"https:\/\/archive.sana.sy\/tr\/index.php?rest_route=%2Fwp%2Fv2%2Fcomments&post=21273"}],"version-history":[{"count":0,"href":"https:\/\/archive.sana.sy\/tr\/index.php?rest_route=\/wp\/v2\/posts\/21273\/revisions"}],"wp:featuredmedia":[{"embeddable":true,"href":"https:\/\/archive.sana.sy\/tr\/index.php?rest_route=\/wp\/v2\/media\/21274"}],"wp:attachment":[{"href":"https:\/\/archive.sana.sy\/tr\/index.php?rest_route=%2Fwp%2Fv2%2Fmedia&parent=21273"}],"wp:term":[{"taxonomy":"category","embeddable":true,"href":"https:\/\/archive.sana.sy\/tr\/index.php?rest_route=%2Fwp%2Fv2%2Fcategories&post=21273"},{"taxonomy":"post_tag","embeddable":true,"href":"https:\/\/archive.sana.sy\/tr\/index.php?rest_route=%2Fwp%2Fv2%2Ftags&post=21273"}],"curies":[{"name":"wp","href":"https:\/\/api.w.org\/{rel}","templated":true}]}}