{"id":21291,"date":"2015-01-19T21:01:10","date_gmt":"2015-01-19T19:01:10","guid":{"rendered":"http:\/\/www.sana.sy\/tr\/?p=21291"},"modified":"2015-01-19T21:01:10","modified_gmt":"2015-01-19T19:01:10","slug":"islami-din-rehberleri-ogretmenleri-ve-okul-idareleri-icin-kurs-acildi","status":"publish","type":"post","link":"https:\/\/archive.sana.sy\/tr\/?p=21291","title":{"rendered":"\u0130slami Din Rehberleri \u00d6\u011fretmenleri ve Okul \u0130dareleri \u0130\u00e7in Kurs A\u00e7\u0131ld\u0131"},"content":{"rendered":"<p>\u015eAM \u2013 E\u011fitim ve Vak\u0131flar Bakanl\u0131klar\u0131n\u0131n, \u0130slami Din Uzman Rehberleri, \u00d6\u011fretmenleri ve \u015eeriat Okullar\u0131 \u0130dareleri i\u00e7in haz\u0131rlad\u0131klar\u0131 e\u011fitim kursu bug\u00fcn ba\u015flad\u0131.<\/p>\n<p>E\u011fitim Bakan\u0131 Hezvan el Vez, bakanl\u0131\u011f\u0131n, lise \u00fc\u00e7\u00fcnc\u00fc s\u0131n\u0131f\u0131n m\u00fcfredat\u0131 kapsam\u0131nda verilen dini e\u011fitim dersinin m\u00fcfredat\u0131n\u0131 geni\u015fletmeyi ama\u00e7lad\u0131\u011f\u0131n\u0131 Vak\u0131flar Bakanl\u0131\u011f\u0131n\u0131n da \u015feriat e\u011fitimine ulusal standartlar getirdi\u011fini ve bu kapsamda \u0130slami Din Dersi rehberleri, \u00f6\u011fretmenlerine yeni m\u00fcfredat ve ulusal standartlarla ilgili bilgileri vermek amac\u0131yla kurs ba\u015flat\u0131ld\u0131\u011f\u0131n\u0131 belirtti.<\/p>\n<p>\u00d6te yandan Vak\u0131flar Bakan\u0131 Muhammed Abd\u00fcssettar el Seyid, E\u011fitim Bakanl\u0131\u011f\u0131 ile Vak\u0131flar Bakanl\u0131\u011f\u0131 aras\u0131ndaki verimli i\u015fbirli\u011finin karanl\u0131k vahabi d\u00fc\u015f\u00fcncelere kar\u015f\u0131 m\u00fccadeledeki samimiyet ve \u0131srar\u0131n bir yans\u0131mas\u0131 oldu\u011funu dile getirdi.<\/p>\n<div id='gallery-1' class='gallery galleryid-21291 gallery-columns-2 gallery-size-thumbnail'><figure class='gallery-item'>\n\t\t\t<div class='gallery-icon landscape'>\n\t\t\t\t<a href='https:\/\/archive.sana.sy\/tr\/wp-content\/uploads\/2015\/01\/e\u011fitim-2.jpg'><img loading=\"lazy\" decoding=\"async\" width=\"150\" height=\"100\" src=\"https:\/\/archive.sana.sy\/tr\/wp-content\/uploads\/2015\/01\/e\u011fitim-2-150x100.jpg\" class=\"attachment-thumbnail size-thumbnail\" alt=\"\" srcset=\"https:\/\/archive.sana.sy\/tr\/wp-content\/uploads\/2015\/01\/e\u011fitim-2-150x100.jpg 150w, https:\/\/archive.sana.sy\/tr\/wp-content\/uploads\/2015\/01\/e\u011fitim-2-300x200.jpg 300w, https:\/\/archive.sana.sy\/tr\/wp-content\/uploads\/2015\/01\/e\u011fitim-2-1024x681.jpg 1024w\" sizes=\"auto, (max-width: 150px) 100vw, 150px\" \/><\/a>\n\t\t\t<\/div><\/figure><figure class='gallery-item'>\n\t\t\t<div class='gallery-icon landscape'>\n\t\t\t\t<a href='https:\/\/archive.sana.sy\/tr\/wp-content\/uploads\/2015\/01\/e\u011fitim-3.jpg'><img loading=\"lazy\" decoding=\"async\" width=\"150\" height=\"100\" src=\"https:\/\/archive.sana.sy\/tr\/wp-content\/uploads\/2015\/01\/e\u011fitim-3-150x100.jpg\" class=\"attachment-thumbnail size-thumbnail\" alt=\"\" srcset=\"https:\/\/archive.sana.sy\/tr\/wp-content\/uploads\/2015\/01\/e\u011fitim-3-150x100.jpg 150w, https:\/\/archive.sana.sy\/tr\/wp-content\/uploads\/2015\/01\/e\u011fitim-3-300x200.jpg 300w, https:\/\/archive.sana.sy\/tr\/wp-content\/uploads\/2015\/01\/e\u011fitim-3-1024x681.jpg 1024w\" sizes=\"auto, (max-width: 150px) 100vw, 150px\" \/><\/a>\n\t\t\t<\/div><\/figure>\n\t\t<\/div>\n\n<p>F.B.<\/p>\n","protected":false},"excerpt":{"rendered":"<p>\u015eAM \u2013 E\u011fitim ve Vak\u0131flar Bakanl\u0131klar\u0131n\u0131n, \u0130slami Din Uzman Rehberleri, \u00d6\u011fretmenleri ve \u015eeriat Okullar\u0131 \u0130dareleri i\u00e7in haz\u0131rlad\u0131klar\u0131 e\u011fitim kursu bug\u00fcn ba\u015flad\u0131. E\u011fitim Bakan\u0131 Hezvan el Vez, bakanl\u0131\u011f\u0131n, lise \u00fc\u00e7\u00fcnc\u00fc s\u0131n\u0131f\u0131n m\u00fcfredat\u0131 kapsam\u0131nda verilen dini e\u011fitim dersinin m\u00fcfredat\u0131n\u0131 geni\u015fletmeyi ama\u00e7lad\u0131\u011f\u0131n\u0131 Vak\u0131flar Bakanl\u0131\u011f\u0131n\u0131n da \u015feriat e\u011fitimine ulusal standartlar getirdi\u011fini ve bu kapsamda \u0130slami Din Dersi rehberleri, \u00f6\u011fretmenlerine &hellip;<\/p>\n","protected":false},"author":1,"featured_media":21292,"comment_status":"closed","ping_status":"closed","sticky":false,"template":"","format":"standard","meta":{"footnotes":""},"categories":[479,478],"tags":[10331,10334,10328,10329,10332,10330,10333],"class_list":["post-21291","post","type-post","status-publish","format-standard","has-post-thumbnail","","category-haberler-yerel","category-yerel","tag-bakanligin","tag-egitim-bakanligi-ile-vakiflar-bakanligi-arasindaki-verimli-isbirliginin-karanlik-vahabi-dusuncelere-karsi-mucadeledeki-samimiyet-ve-israrin-bir-yansimasi-oldugunu-dile-getirdi","tag-islami-din-rehberleri-ogretmenleri-ve-okul-idareleri-icin-kurs-acildi-sam-egitim-ve-vakiflar-bakanliklarinin","tag-islami-din-uzman-rehberleri","tag-lise-ucuncu-sinifin-mufredati-kapsaminda-verilen-dini-egitim-dersinin-mufredatini-genisletmeyi-amacladigini-vakiflar-bakanliginin-da-seriat-egitimine-ulusal-standartlar-getirdigini-ve-bu-kapsamda-isla","tag-ogretmenleri-ve-seriat-okullari-idareleri-icin-hazirladiklari-egitim-kursu-bugun-basladi-egitim-bakani-hezvan-el-vez","tag-ogretmenlerine-yeni-mufredat-ve-ulusal-standartlarla-ilgili-bilgileri-vermek-amaciyla-kurs-baslatildigini-belirtti-ote-yandan-vakiflar-bakani-muhammed-abdussettar-el-seyid"],"_links":{"self":[{"href":"https:\/\/archive.sana.sy\/tr\/index.php?rest_route=\/wp\/v2\/posts\/21291","targetHints":{"allow":["GET"]}}],"collection":[{"href":"https:\/\/archive.sana.sy\/tr\/index.php?rest_route=\/wp\/v2\/posts"}],"about":[{"href":"https:\/\/archive.sana.sy\/tr\/index.php?rest_route=\/wp\/v2\/types\/post"}],"author":[{"embeddable":true,"href":"https:\/\/archive.sana.sy\/tr\/index.php?rest_route=\/wp\/v2\/users\/1"}],"replies":[{"embeddable":true,"href":"https:\/\/archive.sana.sy\/tr\/index.php?rest_route=%2Fwp%2Fv2%2Fcomments&post=21291"}],"version-history":[{"count":0,"href":"https:\/\/archive.sana.sy\/tr\/index.php?rest_route=\/wp\/v2\/posts\/21291\/revisions"}],"wp:featuredmedia":[{"embeddable":true,"href":"https:\/\/archive.sana.sy\/tr\/index.php?rest_route=\/wp\/v2\/media\/21292"}],"wp:attachment":[{"href":"https:\/\/archive.sana.sy\/tr\/index.php?rest_route=%2Fwp%2Fv2%2Fmedia&parent=21291"}],"wp:term":[{"taxonomy":"category","embeddable":true,"href":"https:\/\/archive.sana.sy\/tr\/index.php?rest_route=%2Fwp%2Fv2%2Fcategories&post=21291"},{"taxonomy":"post_tag","embeddable":true,"href":"https:\/\/archive.sana.sy\/tr\/index.php?rest_route=%2Fwp%2Fv2%2Ftags&post=21291"}],"curies":[{"name":"wp","href":"https:\/\/api.w.org\/{rel}","templated":true}]}}