{"id":21296,"date":"2015-01-19T21:16:20","date_gmt":"2015-01-19T19:16:20","guid":{"rendered":"http:\/\/www.sana.sy\/tr\/?p=21296"},"modified":"2015-01-19T21:16:20","modified_gmt":"2015-01-19T19:16:20","slug":"arap-avukatlar-birligi-konferansinda-suriye-heyeti-damgasini-vurdu","status":"publish","type":"post","link":"https:\/\/archive.sana.sy\/tr\/?p=21296","title":{"rendered":"Arap Avukatlar Birli\u011fi Konferans\u0131nda Suriye Heyeti Damgas\u0131n\u0131 Vurdu"},"content":{"rendered":"<p>KAH\u0130RE \u2013 \u00c7al\u0131\u015fmalar\u0131n\u0131 d\u00fcn noktalayan Arap Avukatlar Birli\u011fi Konferans\u0131na kat\u0131lan Suriyeli ve Arap bir grup avukat yapt\u0131klar\u0131 a\u00e7\u0131klamada konferans\u0131n Suriyeli heyetin b\u00fct\u00fcn avukat heyetleriyle diyaloglar\u0131 ve \u00fclkelerinde ya\u015fanan olaylar\u0131n ger\u00e7e\u011fini yans\u0131tma \u00e7abalar\u0131yla Suriye a\u011f\u0131rl\u0131kl\u0131 bir konferans oldu\u011funu dile getirdiler.<\/p>\n<p>Suriye Baro \u00dcyesi Avukat Nizar Skeyf, SANA muhabirine yapt\u0131\u011f\u0131 a\u00e7\u0131klamada Kahire\u2019de d\u00fczenlenen konferansta Suriye heyetinin belirleyici bir etkisi oldu\u011funu dile getirerek konferans\u0131n sonu\u00e7 deklerasyonunda Suriye&#8217;ye kar\u015f\u0131 ba\u015flat\u0131lan vah\u015fi sava\u015f\u0131n k\u0131nanmas\u0131 karar\u0131na yer verildi\u011fini belirtti.<\/p>\n<p>Suriye heyetinin, konferansta Siyonizm\u2019in m\u00fcttefikleri T\u00fcrkiye ve K\u00f6rfez Emirlikleriyle birlikte b\u00fct\u00fcn d\u00fcnyadaki faaliyetlerini if\u015fa etti\u011fini dile getiren Skeyf; ayr\u0131ca konferansa Suriye&#8217;nin egemenlik sembollerine sald\u0131rmaya kalk\u0131\u015fan L\u00fcbnanl\u0131 bir gruba gerekti\u011fi \u015fekilde cevap verildi\u011fini ve Suriye&#8217;nin egemenlik sembollerinin kutsal bir de\u011fer te\u015fkil etti\u011finin anlat\u0131ld\u0131\u011f\u0131n\u0131 belirtti.<\/p>\n","protected":false},"excerpt":{"rendered":"<p>KAH\u0130RE \u2013 \u00c7al\u0131\u015fmalar\u0131n\u0131 d\u00fcn noktalayan Arap Avukatlar Birli\u011fi Konferans\u0131na kat\u0131lan Suriyeli ve Arap bir grup avukat yapt\u0131klar\u0131 a\u00e7\u0131klamada konferans\u0131n Suriyeli heyetin b\u00fct\u00fcn avukat heyetleriyle diyaloglar\u0131 ve \u00fclkelerinde ya\u015fanan olaylar\u0131n ger\u00e7e\u011fini yans\u0131tma \u00e7abalar\u0131yla Suriye a\u011f\u0131rl\u0131kl\u0131 bir konferans oldu\u011funu dile getirdiler. Suriye Baro \u00dcyesi Avukat Nizar Skeyf, SANA muhabirine yapt\u0131\u011f\u0131 a\u00e7\u0131klamada Kahire\u2019de d\u00fczenlenen konferansta Suriye heyetinin belirleyici &hellip;<\/p>\n","protected":false},"author":1,"featured_media":21297,"comment_status":"closed","ping_status":"closed","sticky":false,"template":"","format":"standard","meta":{"footnotes":""},"categories":[458,459,447],"tags":[10335,10337,10336],"class_list":["post-21296","post","type-post","status-publish","format-standard","has-post-thumbnail","","category-dunya1","category-haberler-arap-uluslararasi-politika","category-politika","tag-arap-avukatlar-birligi-konferansinda-suriye-heyeti-damgasini-vurdu-kahire-calismalarini-dun-noktalayan-arap-avukatlar-birligi-konferansina-katilan-suriyeli-ve-arap-bir-grup-avukat-yaptiklari","tag-konferansta-siyonizmin-muttefikleri-turkiye-ve-korfez-emirlikleriyle-birlikte-butun-dunyadaki-faaliyetlerini-ifsa-ettigini-dile-getiren-skeyf-ayrica-konferansa-suriyenin-egemenlik-semboller","tag-sana-muhabirine-yaptigi-aciklamada-kahirede-duzenlenen-konferansta-suriye-heyetinin-belirleyici-bir-etkisi-oldugunu-dile-getirerek-konferansin-sonuc-deklerasyonunda-suriyeye-karsi-baslatilan"],"_links":{"self":[{"href":"https:\/\/archive.sana.sy\/tr\/index.php?rest_route=\/wp\/v2\/posts\/21296","targetHints":{"allow":["GET"]}}],"collection":[{"href":"https:\/\/archive.sana.sy\/tr\/index.php?rest_route=\/wp\/v2\/posts"}],"about":[{"href":"https:\/\/archive.sana.sy\/tr\/index.php?rest_route=\/wp\/v2\/types\/post"}],"author":[{"embeddable":true,"href":"https:\/\/archive.sana.sy\/tr\/index.php?rest_route=\/wp\/v2\/users\/1"}],"replies":[{"embeddable":true,"href":"https:\/\/archive.sana.sy\/tr\/index.php?rest_route=%2Fwp%2Fv2%2Fcomments&post=21296"}],"version-history":[{"count":0,"href":"https:\/\/archive.sana.sy\/tr\/index.php?rest_route=\/wp\/v2\/posts\/21296\/revisions"}],"wp:featuredmedia":[{"embeddable":true,"href":"https:\/\/archive.sana.sy\/tr\/index.php?rest_route=\/wp\/v2\/media\/21297"}],"wp:attachment":[{"href":"https:\/\/archive.sana.sy\/tr\/index.php?rest_route=%2Fwp%2Fv2%2Fmedia&parent=21296"}],"wp:term":[{"taxonomy":"category","embeddable":true,"href":"https:\/\/archive.sana.sy\/tr\/index.php?rest_route=%2Fwp%2Fv2%2Fcategories&post=21296"},{"taxonomy":"post_tag","embeddable":true,"href":"https:\/\/archive.sana.sy\/tr\/index.php?rest_route=%2Fwp%2Fv2%2Ftags&post=21296"}],"curies":[{"name":"wp","href":"https:\/\/api.w.org\/{rel}","templated":true}]}}