{"id":21299,"date":"2015-01-19T21:44:59","date_gmt":"2015-01-19T19:44:59","guid":{"rendered":"http:\/\/www.sana.sy\/tr\/?p=21299"},"modified":"2015-01-19T22:45:27","modified_gmt":"2015-01-19T20:45:27","slug":"iside-katilan-avrupali-genc-kadin-canini-zor-kurtardi","status":"publish","type":"post","link":"https:\/\/archive.sana.sy\/tr\/?p=21299","title":{"rendered":"I\u015e\u0130D\u2019e Kat\u0131lan Avrupal\u0131 Gen\u00e7 Kad\u0131n Can\u0131n\u0131 Zor Kurtard\u0131"},"content":{"rendered":"<p>LONDRA \u2013 I\u015e\u0130D ter\u00f6r \u00f6rg\u00fct\u00fcn\u00fc sosyal payla\u015f\u0131m sitelerindeki ideolojik propaganda ve yaz\u0131\u015fmalar\u0131yla tan\u0131d\u0131ktan sonra evini ve ailesini terk edip I\u015e\u0130D ter\u00f6r \u00f6rg\u00fct\u00fcne kat\u0131lmak i\u00e7in Suriye&#8217;ye ka\u00e7an gen\u00e7 kad\u0131n tan\u0131k oldu\u011fu korkun\u00e7 olaylardan sonra \u00fclkesine geri ka\u00e7arak I\u015e\u0130D ter\u00f6r \u00f6rg\u00fct\u00fcn\u00fcn ger\u00e7ek y\u00fcz\u00fcn\u00fc anlatt\u0131.<\/p>\n<p>\u0130ngiltere\u2019de yay\u0131nlanan Daily Mail gazetesinde, yay\u0131nlanan haberde 17 ayl\u0131k \u00e7ocu\u011funu b\u0131rakarak Suriye&#8217;ye ka\u00e7an 25 ya\u015f\u0131ndaki Tarina Shakil ge\u00e7ti\u011fimiz Aral\u0131k ay\u0131nda Rakka kentinde I\u015e\u0130D ter\u00f6r \u00f6rg\u00fct\u00fcne kat\u0131ld\u0131ktan sonra tan\u0131k oldu\u011fu korkun\u00e7 olaylar sonucu Suriye-T\u00fcrkiye s\u0131n\u0131r\u0131 \u00fczerinden ka\u00e7may\u0131 ba\u015fard\u0131\u011f\u0131n\u0131 aktard\u0131.<\/p>\n<p>Ya\u015fad\u0131klar\u0131n\u0131 gazeteye anlatan Shakil; I\u015e\u0130D ter\u00f6r \u00f6rg\u00fct\u00fcn\u00fcn kendisini aya\u011f\u0131 kesik bir ter\u00f6ristle evlendirmeye \u00e7al\u0131\u015ft\u0131\u011f\u0131na de\u011finerek I\u015e\u0130D ter\u00f6r \u00f6rg\u00fct\u00fc ile ya\u015faman\u0131n \u00e7ekilmez ve b\u00fct\u00fcn ayr\u0131nt\u0131lar\u0131yla i\u011fren\u00e7 oldu\u011funu s\u00f6yledi.<br \/>\nT\u00fcrkiye\u2019ye geldi\u011finde g\u00f6zalt\u0131na al\u0131nan Shakil; buradan tekrar Suriye&#8217;de I\u015e\u0130D ter\u00f6r grubuna teslim edilme ihtimali bulundu\u011funu \u00f6\u011frenince \u0130ngiltere\u2019de bulunan babas\u0131ndan \u0130ngiltere\u2019ye yeniden d\u00f6nmek i\u00e7in yard\u0131m istedi\u011fini ifade etti.<\/p>\n<p>I\u015e\u0130D ter\u00f6r \u00f6rg\u00fct\u00fcne kat\u0131ld\u0131ktan birka\u00e7 g\u00fcn sonra umutsuzca ka\u00e7ma giri\u015fimlerine ba\u015flad\u0131\u011f\u0131n\u0131 ifade eden Shakil; g\u00f6rd\u00fc\u011f\u00fc \u015feylerin hayal ettikleriyle hi\u00e7bir ilgisi bulunmad\u0131\u011f\u0131na ve defalarca \u00f6l\u00fcmden d\u00f6nd\u00fc\u011f\u00fcne dikkat \u00e7ekti.<\/p>\n<p>F.B. &#8211; A.A<\/p>\n","protected":false},"excerpt":{"rendered":"<p>LONDRA \u2013 I\u015e\u0130D ter\u00f6r \u00f6rg\u00fct\u00fcn\u00fc sosyal payla\u015f\u0131m sitelerindeki ideolojik propaganda ve yaz\u0131\u015fmalar\u0131yla tan\u0131d\u0131ktan sonra evini ve ailesini terk edip I\u015e\u0130D ter\u00f6r \u00f6rg\u00fct\u00fcne kat\u0131lmak i\u00e7in Suriye&#8217;ye ka\u00e7an gen\u00e7 kad\u0131n tan\u0131k oldu\u011fu korkun\u00e7 olaylardan sonra \u00fclkesine geri ka\u00e7arak I\u015e\u0130D ter\u00f6r \u00f6rg\u00fct\u00fcn\u00fcn ger\u00e7ek y\u00fcz\u00fcn\u00fc anlatt\u0131. \u0130ngiltere\u2019de yay\u0131nlanan Daily Mail gazetesinde, yay\u0131nlanan haberde 17 ayl\u0131k \u00e7ocu\u011funu b\u0131rakarak Suriye&#8217;ye ka\u00e7an &hellip;<\/p>\n","protected":false},"author":1,"featured_media":21300,"comment_status":"closed","ping_status":"closed","sticky":false,"template":"","format":"standard","meta":{"footnotes":""},"categories":[458,459],"tags":[10338,10339],"class_list":["post-21299","post","type-post","status-publish","format-standard","has-post-thumbnail","","category-dunya1","category-haberler-arap-uluslararasi-politika","tag-iside-katilan-avrupali-genc-kadin-canini-zor-kurtardi-londra-isid-teror-orgutunu-sosyal-paylasim-sitelerindeki-ideolojik-propaganda-ve-yazismalariyla-tanidiktan-sonra-evini-ve-ailes","tag-yayinlanan-haberde-17-aylik-cocugunu-birakarak-suriyeye-kacan-25-yasindaki-tarina-shakil-gectigimiz-aralik-ayinda-rakka-kentinde-isid-teror-orgutune-katildiktan-sonra-tanik-oldugu-korkunc-olaylar-son"],"_links":{"self":[{"href":"https:\/\/archive.sana.sy\/tr\/index.php?rest_route=\/wp\/v2\/posts\/21299","targetHints":{"allow":["GET"]}}],"collection":[{"href":"https:\/\/archive.sana.sy\/tr\/index.php?rest_route=\/wp\/v2\/posts"}],"about":[{"href":"https:\/\/archive.sana.sy\/tr\/index.php?rest_route=\/wp\/v2\/types\/post"}],"author":[{"embeddable":true,"href":"https:\/\/archive.sana.sy\/tr\/index.php?rest_route=\/wp\/v2\/users\/1"}],"replies":[{"embeddable":true,"href":"https:\/\/archive.sana.sy\/tr\/index.php?rest_route=%2Fwp%2Fv2%2Fcomments&post=21299"}],"version-history":[{"count":0,"href":"https:\/\/archive.sana.sy\/tr\/index.php?rest_route=\/wp\/v2\/posts\/21299\/revisions"}],"wp:featuredmedia":[{"embeddable":true,"href":"https:\/\/archive.sana.sy\/tr\/index.php?rest_route=\/wp\/v2\/media\/21300"}],"wp:attachment":[{"href":"https:\/\/archive.sana.sy\/tr\/index.php?rest_route=%2Fwp%2Fv2%2Fmedia&parent=21299"}],"wp:term":[{"taxonomy":"category","embeddable":true,"href":"https:\/\/archive.sana.sy\/tr\/index.php?rest_route=%2Fwp%2Fv2%2Fcategories&post=21299"},{"taxonomy":"post_tag","embeddable":true,"href":"https:\/\/archive.sana.sy\/tr\/index.php?rest_route=%2Fwp%2Fv2%2Ftags&post=21299"}],"curies":[{"name":"wp","href":"https:\/\/api.w.org\/{rel}","templated":true}]}}