{"id":21314,"date":"2015-01-20T10:13:08","date_gmt":"2015-01-20T08:13:08","guid":{"rendered":"http:\/\/www.sana.sy\/tr\/?p=21314"},"modified":"2015-01-20T10:16:19","modified_gmt":"2015-01-20T08:16:19","slug":"siyonist-varlik-ve-dusmancil-politikalarini-elestirmesi-ardindan-cnn-spiker-clancyi-isten-atti","status":"publish","type":"post","link":"https:\/\/archive.sana.sy\/tr\/?p=21314","title":{"rendered":"Siyonist Varl\u0131k ve D\u00fc\u015fmanc\u0131l Politikalar\u0131n\u0131 Ele\u015ftirmesi Ard\u0131ndan CNN Spiker Clancy\u2019i \u0130\u015ften Att\u0131"},"content":{"rendered":"<p>WASH\u0130NGTON \u2013 Amerikal\u0131 CNN haber kanal\u0131, i\u015fgal varl\u0131\u011f\u0131 d\u00fc\u015fmanc\u0131l ve yerle\u015fimci politikas\u0131n\u0131 ele\u015ftirme c\u00fcretinde bulunmas\u0131ndan dolay\u0131 b\u00fcy\u00fck spiker Jim Clancy\u2019i i\u015finden att\u0131.<\/p>\n<p>CNN y\u00f6netimi yay\u0131nlad\u0131\u011f\u0131 resmi beyanda, Clancy\u2019nin art\u0131k CNN kanal\u0131yla \u00e7al\u0131\u015fmad\u0131\u011f\u0131n\u0131.30 y\u0131ldan fazla g\u00f6sterdi\u011fi \u00f6rnek hizmetinden dolay\u0131 kendisine \u015f\u00fckranlar\u0131n\u0131 sunarak bundan sonraki hayat\u0131nda hay\u0131r dilediklerini ancak s\u00f6z konusu karar\u0131 alma sebepleri hakk\u0131nda bilgi vermedi.<\/p>\n<p>Yerel raporlar Clancy\u2019nin kanaldan at\u0131lmas\u0131n\u0131n kendisi ile ABD\u2019deki Siyonist varl\u0131k destek\u00e7ileri aras\u0131nda sosyal payla\u015f\u0131m sitesi olan twitter de ge\u00e7en bir haftal\u0131k s\u00f6z d\u00fcellosu ard\u0131ndan geldi\u011fine i\u015faret etti.<\/p>\n<p>Clancy \u201cb\u00fct\u00fcn M\u00fcsl\u00fcmanlar ter\u00f6risttir\u201d fikrini yaymak i\u00e7in Charlie Hebdo gazetesine sald\u0131r\u0131lar\u0131 istismar ederek twitter hesab\u0131 \u00fczerinden \u0130slam ve M\u00fcsl\u00fcmanlar\u0131 karalamaya \u00e7al\u0131\u015fan \u0130srail i\u015fgal varl\u0131\u011f\u0131, d\u00fc\u015fmanc\u0131l ve yerle\u015fimci politikalar\u0131n\u0131 destekleyenlerine bir dizi ele\u015ftiriler y\u00f6neltmi\u015f en bariz tweetlerinden \u201c\u0130srailli yetkililer sava\u015f su\u00e7lar\u0131ndan yarg\u0131lan\u0131yor\u201d tweet\u2019i, Siyonist Roderman ailesi kurumunun \u00f6fkelendirmi\u015f ve CNN kanal\u0131na bu tweetleri sebebiyle a\u00e7\u0131k bir mesajla \u015fikayette bulunmu\u015ftu.<\/p>\n<p>Bunun \u00fczerine Clancy\u2019ye y\u00f6nelik politik ve medyatik bask\u0131lar\u0131n artmas\u0131 tweetter hesab\u0131n\u0131 kapatmadan ve CNN kanal\u0131ndan resmi bir \u015fekilde ayr\u0131lmadan \u00f6nce Siyonist m\u00fcesseseyi raz\u0131 etmek i\u00e7in s\u00f6z konusu b\u00fct\u00fcn tweetleri hesab\u0131ndan silmeye yol a\u00e7m\u0131\u015ft\u0131.<\/p>\n<p>CNN kanal\u0131 Clancy\u2019yi i\u015finden atmakla kalmam\u0131\u015f ge\u00e7en Cuma g\u00fcn\u00fc elektronik sitesinden Clancy\u2019nin t\u00fcm otobiyografisini silme taamm\u00fcd\u00fcnde bulunmu\u015ftu.<\/p>\n<p>Clancy, CNN kanal\u0131nda ba\u015f spiker tayin edilmeden \u00f6nce Beyrut, Londra ve Berlin\u2019de muhabir olarak \u00e7al\u0131\u015fm\u0131\u015ft\u0131.<\/p>\n<p>L\u00fcbnan as\u0131ll\u0131 Amerikal\u0131 gazeteci Octavia Nasr da, 1990-2010 y\u0131llar\u0131 aras\u0131nda ayn\u0131 kanalda \u00e7al\u0131\u015fmas\u0131 ard\u0131ndan yine twitter hesab\u0131ndan b\u00fcy\u00fck Allame Muhammed H\u00fcseyin Fadlullah\u2019a y\u00f6nelik sayg\u0131s\u0131n\u0131 ifade etmesinden sebebiyle benzer bir hadiseyle i\u015fine son verilmi\u015fti.<\/p>\n<p>S.\u015e. &#8211; R.H.<\/p>\n","protected":false},"excerpt":{"rendered":"<p>WASH\u0130NGTON \u2013 Amerikal\u0131 CNN haber kanal\u0131, i\u015fgal varl\u0131\u011f\u0131 d\u00fc\u015fmanc\u0131l ve yerle\u015fimci politikas\u0131n\u0131 ele\u015ftirme c\u00fcretinde bulunmas\u0131ndan dolay\u0131 b\u00fcy\u00fck spiker Jim Clancy\u2019i i\u015finden att\u0131. CNN y\u00f6netimi yay\u0131nlad\u0131\u011f\u0131 resmi beyanda, Clancy\u2019nin art\u0131k CNN kanal\u0131yla \u00e7al\u0131\u015fmad\u0131\u011f\u0131n\u0131.30 y\u0131ldan fazla g\u00f6sterdi\u011fi \u00f6rnek hizmetinden dolay\u0131 kendisine \u015f\u00fckranlar\u0131n\u0131 sunarak bundan sonraki hayat\u0131nda hay\u0131r dilediklerini ancak s\u00f6z konusu karar\u0131 alma sebepleri hakk\u0131nda bilgi vermedi. &hellip;<\/p>\n","protected":false},"author":1,"featured_media":21315,"comment_status":"closed","ping_status":"closed","sticky":false,"template":"","format":"standard","meta":{"footnotes":""},"categories":[458,459,447],"tags":[10364,10359,10362,10360,10358,10363,10361,10357],"class_list":["post-21314","post","type-post","status-publish","format-standard","has-post-thumbnail","","category-dunya1","category-haberler-arap-uluslararasi-politika","category-politika","tag-1990-2010-yillari-arasinda-ayni-kanalda-calismasi-ardindan-yine-twitter-hesabindan-buyuk-allame-muhammed-huseyin-fadlullaha-yonelik-saygisini-ifade-etmesinden-sebebiyle-benzer-bir-hadiseyle-i","tag-clancynin-artik-cnn-kanaliyla-calismadigini-30-yildan-fazla-gosterdigi-ornek-hizmetinden-dolayi-kendisine-sukranlarini-sunarak-bundan-sonraki-hayatinda-hayir-dilediklerini-ancak-soz-konusu-ka","tag-cnn-kanalinda-bas-spiker-tayin-edilmeden-once-beyrut","tag-dusmancil-ve-yerlesimci-politikalarini-destekleyenlerine-bir-dizi-elestiriler-yoneltmis-en-bariz-tweetlerinden-israilli-yetkililer-savas-suclarindan-yargilaniyor-tweeti","tag-isgal-varligi-dusmancil-ve-yerlesimci-politikasini-elestirme-curetinde-bulunmasindan-dolayi-buyuk-spiker-jim-clancyi-isinden-atti-cnn-yonetimi-yayinladigi-resmi-beyanda","tag-londra-ve-berlinde-muhabir-olarak-calismisti-lubnan-asilli-amerikali-gazeteci-octavia-nasr-da","tag-siyonist-roderman-ailesi-kurumunun-ofkelendirmis-ve-cnn-kanalina-bu-tweetleri-sebebiyle-acik-bir-mesajla-sikayette-bulunmustu-bunun-uzerine-clancyye-yonelik-politik-ve-medyatik-baskilarin-ar","tag-siyonist-varlik-ve-dusmancil-politikalarini-elestirmesi-ardindan-cnn-spiker-clancyi-isten-atti-washington-amerikali-cnn-haber-kanali"],"_links":{"self":[{"href":"https:\/\/archive.sana.sy\/tr\/index.php?rest_route=\/wp\/v2\/posts\/21314","targetHints":{"allow":["GET"]}}],"collection":[{"href":"https:\/\/archive.sana.sy\/tr\/index.php?rest_route=\/wp\/v2\/posts"}],"about":[{"href":"https:\/\/archive.sana.sy\/tr\/index.php?rest_route=\/wp\/v2\/types\/post"}],"author":[{"embeddable":true,"href":"https:\/\/archive.sana.sy\/tr\/index.php?rest_route=\/wp\/v2\/users\/1"}],"replies":[{"embeddable":true,"href":"https:\/\/archive.sana.sy\/tr\/index.php?rest_route=%2Fwp%2Fv2%2Fcomments&post=21314"}],"version-history":[{"count":0,"href":"https:\/\/archive.sana.sy\/tr\/index.php?rest_route=\/wp\/v2\/posts\/21314\/revisions"}],"wp:featuredmedia":[{"embeddable":true,"href":"https:\/\/archive.sana.sy\/tr\/index.php?rest_route=\/wp\/v2\/media\/21315"}],"wp:attachment":[{"href":"https:\/\/archive.sana.sy\/tr\/index.php?rest_route=%2Fwp%2Fv2%2Fmedia&parent=21314"}],"wp:term":[{"taxonomy":"category","embeddable":true,"href":"https:\/\/archive.sana.sy\/tr\/index.php?rest_route=%2Fwp%2Fv2%2Fcategories&post=21314"},{"taxonomy":"post_tag","embeddable":true,"href":"https:\/\/archive.sana.sy\/tr\/index.php?rest_route=%2Fwp%2Fv2%2Ftags&post=21314"}],"curies":[{"name":"wp","href":"https:\/\/api.w.org\/{rel}","templated":true}]}}