{"id":213186,"date":"2020-07-02T13:58:19","date_gmt":"2020-07-02T10:58:19","guid":{"rendered":"http:\/\/www.sana.sy\/tr\/?p=213186"},"modified":"2020-07-03T08:30:03","modified_gmt":"2020-07-03T05:30:03","slug":"sb-yeni-19-koronavirus-vakasi-tescil-edildi-3-vaka-da-sifa-buldu","status":"publish","type":"post","link":"https:\/\/archive.sana.sy\/tr\/?p=213186","title":{"rendered":"SB: Yeni 19 Koronavir\u00fcs Vakas\u0131 Tescil Edildi 3 Vaka Da \u015eifa Buldu"},"content":{"rendered":"<p>\u015eAM \u2013 Sa\u011fl\u0131k Bakanl\u0131\u011f\u0131 bug\u00fcn temas halinde yeni 19 korona vakas\u0131n\u0131n tescil edildi\u011fini, tescil edilen vakalardan da 3 vakan\u0131n \u015fifa buldu\u011funu b\u00f6ylece Suriye\u2019de tescil edilen vaka say\u0131s\u0131n\u0131n 312\u2019ye, \u015fifa bulan vaka say\u0131s\u0131n\u0131n da 113\u2019e y\u00fckseldi\u011fini ilan etti.<\/p>\n<p>Bakanl\u0131k yay\u0131nlad\u0131\u011f\u0131 ve SANA\u2019n\u0131n bir n\u00fcshas\u0131n\u0131 ald\u0131\u011f\u0131 beyanda, Suriye\u2019de korona vir\u00fcs vakalar\u0131n\u0131n bug\u00fcne kadar 312\u2019ye y\u00fckseldi\u011fini bunlardan 113\u2019\u00fcn\u00fcn \u015fifa buldu\u011funu 9\u2019unun da vefat etti\u011fini a\u00e7\u0131klad\u0131.<\/p>\n<p>\u00c7eviri: M.Y ve S.S<\/p>\n","protected":false},"excerpt":{"rendered":"<p>\u015eAM \u2013 Sa\u011fl\u0131k Bakanl\u0131\u011f\u0131 bug\u00fcn temas halinde yeni 19 korona vakas\u0131n\u0131n tescil edildi\u011fini, tescil edilen vakalardan da 3 vakan\u0131n \u015fifa buldu\u011funu b\u00f6ylece Suriye\u2019de tescil edilen vaka say\u0131s\u0131n\u0131n 312\u2019ye, \u015fifa bulan vaka say\u0131s\u0131n\u0131n da 113\u2019e y\u00fckseldi\u011fini ilan etti. Bakanl\u0131k yay\u0131nlad\u0131\u011f\u0131 ve SANA\u2019n\u0131n bir n\u00fcshas\u0131n\u0131 ald\u0131\u011f\u0131 beyanda, Suriye\u2019de korona vir\u00fcs vakalar\u0131n\u0131n bug\u00fcne kadar 312\u2019ye y\u00fckseldi\u011fini bunlardan 113\u2019\u00fcn\u00fcn &hellip;<\/p>\n","protected":false},"author":36,"featured_media":213187,"comment_status":"closed","ping_status":"closed","sticky":false,"template":"","format":"standard","meta":{"footnotes":""},"categories":[526,479,17988,525,478],"tags":[],"class_list":["post-213186","post","type-post","status-publish","format-standard","has-post-thumbnail","","category-haber-ve-raporlar","category-haberler-yerel","category-son-haberler","category-toplum","category-yerel"],"_links":{"self":[{"href":"https:\/\/archive.sana.sy\/tr\/index.php?rest_route=\/wp\/v2\/posts\/213186","targetHints":{"allow":["GET"]}}],"collection":[{"href":"https:\/\/archive.sana.sy\/tr\/index.php?rest_route=\/wp\/v2\/posts"}],"about":[{"href":"https:\/\/archive.sana.sy\/tr\/index.php?rest_route=\/wp\/v2\/types\/post"}],"author":[{"embeddable":true,"href":"https:\/\/archive.sana.sy\/tr\/index.php?rest_route=\/wp\/v2\/users\/36"}],"replies":[{"embeddable":true,"href":"https:\/\/archive.sana.sy\/tr\/index.php?rest_route=%2Fwp%2Fv2%2Fcomments&post=213186"}],"version-history":[{"count":0,"href":"https:\/\/archive.sana.sy\/tr\/index.php?rest_route=\/wp\/v2\/posts\/213186\/revisions"}],"wp:featuredmedia":[{"embeddable":true,"href":"https:\/\/archive.sana.sy\/tr\/index.php?rest_route=\/wp\/v2\/media\/213187"}],"wp:attachment":[{"href":"https:\/\/archive.sana.sy\/tr\/index.php?rest_route=%2Fwp%2Fv2%2Fmedia&parent=213186"}],"wp:term":[{"taxonomy":"category","embeddable":true,"href":"https:\/\/archive.sana.sy\/tr\/index.php?rest_route=%2Fwp%2Fv2%2Fcategories&post=213186"},{"taxonomy":"post_tag","embeddable":true,"href":"https:\/\/archive.sana.sy\/tr\/index.php?rest_route=%2Fwp%2Fv2%2Ftags&post=213186"}],"curies":[{"name":"wp","href":"https:\/\/api.w.org\/{rel}","templated":true}]}}