{"id":213189,"date":"2020-07-02T16:33:30","date_gmt":"2020-07-02T13:33:30","guid":{"rendered":"http:\/\/www.sana.sy\/tr\/?p=213189"},"modified":"2020-07-03T08:31:40","modified_gmt":"2020-07-03T05:31:40","slug":"ordu-birlikleri-haseke-kirsalinda-amerikan-isgaline-ait-bir-konvoya-karsi-koydu","status":"publish","type":"post","link":"https:\/\/archive.sana.sy\/tr\/?p=213189","title":{"rendered":"Ordu Birlikleri Haseke K\u0131rsal\u0131nda Amerikan \u0130\u015fgaline Ait Bir Konvoyun Ge\u00e7i\u015fini \u00d6nledi"},"content":{"rendered":"<p>HASEKE \u2013 Ordu birlikleri Haseke k\u0131rsal\u0131n\u0131n kuzeyinde Tel Temr ve Ebu Rasin aras\u0131ndaki karayolunda yer alan Derdara K\u00f6pr\u00fcs\u00fcn\u00fcn civar\u0131nda Amerikan i\u015fgaline ait bir konvoya kar\u015f\u0131 koyup ge\u00e7i\u015fi \u00f6nledi.<\/p>\n<p><a href=\"http:\/\/www.sana.sy\/tr\/wp-content\/uploads\/2020\/07\/21-3.jpg\"><img loading=\"lazy\" decoding=\"async\" class=\"alignright size-medium wp-image-213193\" src=\"http:\/\/www.sana.sy\/tr\/wp-content\/uploads\/2020\/07\/21-3-300x171.jpg\" alt=\"\" width=\"300\" height=\"171\" srcset=\"https:\/\/archive.sana.sy\/tr\/wp-content\/uploads\/2020\/07\/21-3-300x171.jpg 300w, https:\/\/archive.sana.sy\/tr\/wp-content\/uploads\/2020\/07\/21-3-150x86.jpg 150w, https:\/\/archive.sana.sy\/tr\/wp-content\/uploads\/2020\/07\/21-3.jpg 660w\" sizes=\"auto, (max-width: 300px) 100vw, 300px\" \/><\/a>Yerel kaynaklar SANA muhabirine yapt\u0131klar\u0131 a\u00e7\u0131klamada; ordu birliklerimizin Tel Temr ve Ebu Rasin aras\u0131ndaki karayoluna d\u00fc\u015fen Derdara K\u00f6pr\u00fcs\u00fcn\u00fcn civar\u0131nda Amerikan i\u015fgaline ait bir dizi askeri ara\u00e7lardan olu\u015fan bir konvoya kar\u015f\u0131 koyup gayrime\u015fru \u00fcslerine geri d\u00f6nmeye mecb\u00fcr ettiklerini belirtti.<\/p>\n<p>Amerikan i\u015fgalinin Haseke k\u0131rsal\u0131nda gayrime\u015fru \u00fcslerini kurduktan beri, b\u00f6lge ahalileri ordu birliklerimizle birlikte, i\u015fgalci g\u00fc\u00e7lere ait bir dizi konovylar\u0131n belde ve k\u00f6ylerinden ge\u00e7melerini engellemek i\u00e7in bu konvoylara kar\u015f\u0131 koydu. Ahaliler, i\u015fgalin konvoylara ta\u015f atarak ve onlar\u0131n Suriye topraklar\u0131nda varl\u0131\u011f\u0131n\u0131 kabul etmediklerini ifade eden sloganlarla onlar\u0131 gayrime\u015fru \u00fcslerine geri d\u00f6nmeye mecb\u00fcr etti.<\/p>\n<p>P.M.<\/p>\n","protected":false},"excerpt":{"rendered":"<p>HASEKE \u2013 Ordu birlikleri Haseke k\u0131rsal\u0131n\u0131n kuzeyinde Tel Temr ve Ebu Rasin aras\u0131ndaki karayolunda yer alan Derdara K\u00f6pr\u00fcs\u00fcn\u00fcn civar\u0131nda Amerikan i\u015fgaline ait bir konvoya kar\u015f\u0131 koyup ge\u00e7i\u015fi \u00f6nledi. Yerel kaynaklar SANA muhabirine yapt\u0131klar\u0131 a\u00e7\u0131klamada; ordu birliklerimizin Tel Temr ve Ebu Rasin aras\u0131ndaki karayoluna d\u00fc\u015fen Derdara K\u00f6pr\u00fcs\u00fcn\u00fcn civar\u0131nda Amerikan i\u015fgaline ait bir dizi askeri ara\u00e7lardan olu\u015fan &hellip;<\/p>\n","protected":false},"author":1,"featured_media":213190,"comment_status":"closed","ping_status":"closed","sticky":false,"template":"","format":"standard","meta":{"footnotes":""},"categories":[479,575,17988,478],"tags":[],"class_list":["post-213189","post","type-post","status-publish","format-standard","has-post-thumbnail","","category-haberler-yerel","category-olaylar-ve-gercekler","category-son-haberler","category-yerel"],"_links":{"self":[{"href":"https:\/\/archive.sana.sy\/tr\/index.php?rest_route=\/wp\/v2\/posts\/213189","targetHints":{"allow":["GET"]}}],"collection":[{"href":"https:\/\/archive.sana.sy\/tr\/index.php?rest_route=\/wp\/v2\/posts"}],"about":[{"href":"https:\/\/archive.sana.sy\/tr\/index.php?rest_route=\/wp\/v2\/types\/post"}],"author":[{"embeddable":true,"href":"https:\/\/archive.sana.sy\/tr\/index.php?rest_route=\/wp\/v2\/users\/1"}],"replies":[{"embeddable":true,"href":"https:\/\/archive.sana.sy\/tr\/index.php?rest_route=%2Fwp%2Fv2%2Fcomments&post=213189"}],"version-history":[{"count":0,"href":"https:\/\/archive.sana.sy\/tr\/index.php?rest_route=\/wp\/v2\/posts\/213189\/revisions"}],"wp:featuredmedia":[{"embeddable":true,"href":"https:\/\/archive.sana.sy\/tr\/index.php?rest_route=\/wp\/v2\/media\/213190"}],"wp:attachment":[{"href":"https:\/\/archive.sana.sy\/tr\/index.php?rest_route=%2Fwp%2Fv2%2Fmedia&parent=213189"}],"wp:term":[{"taxonomy":"category","embeddable":true,"href":"https:\/\/archive.sana.sy\/tr\/index.php?rest_route=%2Fwp%2Fv2%2Fcategories&post=213189"},{"taxonomy":"post_tag","embeddable":true,"href":"https:\/\/archive.sana.sy\/tr\/index.php?rest_route=%2Fwp%2Fv2%2Ftags&post=213189"}],"curies":[{"name":"wp","href":"https:\/\/api.w.org\/{rel}","templated":true}]}}