{"id":213215,"date":"2020-07-02T16:30:43","date_gmt":"2020-07-02T13:30:43","guid":{"rendered":"http:\/\/www.sana.sy\/tr\/?p=213215"},"modified":"2020-07-03T16:45:24","modified_gmt":"2020-07-03T13:45:24","slug":"cumhurbaskani-el-esad-baas-partisi-merkezi-liderligi-toplantisina-baskanlik-etti-partizan-secimleri-deneyiminin-sonuclarini-masaya-yatirildi","status":"publish","type":"post","link":"https:\/\/archive.sana.sy\/tr\/?p=213215","title":{"rendered":"Esad SABP Merkezi Komuta Toplant\u0131s\u0131na Ba\u015fkanl\u0131k Etti: Partili Yakla\u015f\u0131m Deneyimi, Ulusal D\u00fczeyde Dinamikler ve Diyaloglar Yaratmay\u0131 Ba\u015fard\u0131"},"content":{"rendered":"<p>\u015eAM &#8211; Cumhurba\u015fkan\u0131 Be\u015f\u015far el Esad\u2019\u0131n bug\u00fcn ba\u015fkanl\u0131k etti\u011fi Sosyalist Arap Baas Partisi\u2019nin merkezi komuta toplant\u0131s\u0131nda parti se\u00e7imleri deneyimine, bu se\u00e7im s\u00fcreci ba\u011flam\u0131nda ortaya \u00e7\u0131kan art\u0131 ve eksilere, yaln\u0131zca SABP d\u00fczeyinde de\u011fil, ulusal d\u00fczeyde getirdi\u011fi \u00f6nemli sonu\u00e7larla ile ilgili konular masaya yat\u0131r\u0131ld\u0131.<\/p>\n<p><a href=\"http:\/\/www.sana.sy\/tr\/wp-content\/uploads\/2020\/07\/1000000.jpg\"><img loading=\"lazy\" decoding=\"async\" class=\"alignright size-medium wp-image-213219\" src=\"http:\/\/www.sana.sy\/tr\/wp-content\/uploads\/2020\/07\/1000000-300x271.jpg\" alt=\"\" width=\"300\" height=\"271\" srcset=\"https:\/\/archive.sana.sy\/tr\/wp-content\/uploads\/2020\/07\/1000000-300x271.jpg 300w, https:\/\/archive.sana.sy\/tr\/wp-content\/uploads\/2020\/07\/1000000-150x136.jpg 150w, https:\/\/archive.sana.sy\/tr\/wp-content\/uploads\/2020\/07\/1000000.jpg 660w\" sizes=\"auto, (max-width: 300px) 100vw, 300px\" \/><\/a>Cumhurba\u015fkan\u0131 el Esad; merkezi komutan\u0131n partili kons\u00fcltasyonun sonu\u00e7lar\u0131yla \u00e7al\u0131\u015fmas\u0131 gerekti\u011fini, ancak bu partili se\u00e7imlere e\u015flik eden, onu etkileyen ve ondan etkilenen pop\u00fcler g\u00f6r\u00fc\u015f\u00fc dikkate alarak vurgulanmas\u0131 gerekti\u011fine i\u015faret ederken, Halk Meclisine se\u00e7ilen adaylar\u0131n sadece partilerini de\u011fil, \u00fclkelerini de temsil ettiklerine dikkat \u00e7ekti.<\/p>\n<p>Cumhurba\u015fkan\u0131 el Esad toplant\u0131 s\u0131ras\u0131nda; deneme olarak \u201cpartili se\u00e7imlerin&#8221;, sadece parti d\u00fczeyde de\u011fil, ulusal d\u00fczeyde de bir diyalog hareketinin ba\u015flat\u0131lmas\u0131n\u0131 ba\u015fard\u0131\u011f\u0131na i\u015faret ederek, ger\u00e7ek adaylar\u0131n\u0131 ve temsilcilerini Halk Meclisine almak i\u00e7in se\u00e7men se\u00e7eneklerini somutla\u015ft\u0131rabilecek en iyi kriter olarak demokratik uygulaman\u0131n \u00f6nemini g\u00f6sterebildi\u011fine dikkat \u00e7ekti.<\/p>\n<p>Demokratik uygulaman\u0131n herhangi bir a\u015famas\u0131nda ortaya \u00e7\u0131kabilen ve ortaya \u00e7\u0131kan negatifler pahas\u0131na hatalar\u0131 d\u00fczeltme ve pozitifli\u011fi art\u0131rma yetene\u011fini ta\u015f\u0131d\u0131\u011f\u0131na i\u015faret eden El Esad\\ demokratik uygulaman\u0131n ba\u015far\u0131s\u0131n\u0131n temelinin devaml\u0131 olmas\u0131nda, mekanizmalar\u0131n\u0131 geli\u015ftirmesi, en iyi standartlar\u0131 ve en y\u00fcksek \u015feffafl\u0131\u011f\u0131 benimsemede yatt\u0131\u011f\u0131n\u0131 vurgulad\u0131.<\/p>\n<p>Toplant\u0131da, parti i\u00e7indeki \u201cpartili se\u00e7imler\u201d deneyimi hakk\u0131nda \u00f6vg\u00fcde bulunan SABP Merkezi Komutanl\u0131k \u00fcyeleri; bu deneyimin parti i\u00e7inde ve d\u0131\u015f\u0131nda b\u0131rakt\u0131\u011f\u0131 diyalog ve interaktif hareketine \u0131\u015f\u0131k tutarken, pozitifleri geli\u015ftirmek ve olumsuzluklar\u0131 \u00f6nlemek i\u00e7in deneyimini de\u011ferlendirmeye devam edilece\u011fini belirtti.<\/p>\n<p>P.M.<\/p>\n","protected":false},"excerpt":{"rendered":"<p>\u015eAM &#8211; Cumhurba\u015fkan\u0131 Be\u015f\u015far el Esad\u2019\u0131n bug\u00fcn ba\u015fkanl\u0131k etti\u011fi Sosyalist Arap Baas Partisi\u2019nin merkezi komuta toplant\u0131s\u0131nda parti se\u00e7imleri deneyimine, bu se\u00e7im s\u00fcreci ba\u011flam\u0131nda ortaya \u00e7\u0131kan art\u0131 ve eksilere, yaln\u0131zca SABP d\u00fczeyinde de\u011fil, ulusal d\u00fczeyde getirdi\u011fi \u00f6nemli sonu\u00e7larla ile ilgili konular masaya yat\u0131r\u0131ld\u0131. Cumhurba\u015fkan\u0131 el Esad; merkezi komutan\u0131n partili kons\u00fcltasyonun sonu\u00e7lar\u0131yla \u00e7al\u0131\u015fmas\u0131 gerekti\u011fini, ancak bu partili &hellip;<\/p>\n","protected":false},"author":1,"featured_media":213218,"comment_status":"closed","ping_status":"closed","sticky":false,"template":"","format":"standard","meta":{"footnotes":""},"categories":[608,479,605,17988,478],"tags":[],"class_list":["post-213215","post","type-post","status-publish","format-standard","has-post-thumbnail","","category-etkinlikler","category-haberler-yerel","category-sayin-cumhurbaskani","category-son-haberler","category-yerel"],"_links":{"self":[{"href":"https:\/\/archive.sana.sy\/tr\/index.php?rest_route=\/wp\/v2\/posts\/213215","targetHints":{"allow":["GET"]}}],"collection":[{"href":"https:\/\/archive.sana.sy\/tr\/index.php?rest_route=\/wp\/v2\/posts"}],"about":[{"href":"https:\/\/archive.sana.sy\/tr\/index.php?rest_route=\/wp\/v2\/types\/post"}],"author":[{"embeddable":true,"href":"https:\/\/archive.sana.sy\/tr\/index.php?rest_route=\/wp\/v2\/users\/1"}],"replies":[{"embeddable":true,"href":"https:\/\/archive.sana.sy\/tr\/index.php?rest_route=%2Fwp%2Fv2%2Fcomments&post=213215"}],"version-history":[{"count":0,"href":"https:\/\/archive.sana.sy\/tr\/index.php?rest_route=\/wp\/v2\/posts\/213215\/revisions"}],"wp:featuredmedia":[{"embeddable":true,"href":"https:\/\/archive.sana.sy\/tr\/index.php?rest_route=\/wp\/v2\/media\/213218"}],"wp:attachment":[{"href":"https:\/\/archive.sana.sy\/tr\/index.php?rest_route=%2Fwp%2Fv2%2Fmedia&parent=213215"}],"wp:term":[{"taxonomy":"category","embeddable":true,"href":"https:\/\/archive.sana.sy\/tr\/index.php?rest_route=%2Fwp%2Fv2%2Fcategories&post=213215"},{"taxonomy":"post_tag","embeddable":true,"href":"https:\/\/archive.sana.sy\/tr\/index.php?rest_route=%2Fwp%2Fv2%2Ftags&post=213215"}],"curies":[{"name":"wp","href":"https:\/\/api.w.org\/{rel}","templated":true}]}}