{"id":213236,"date":"2020-07-02T20:45:22","date_gmt":"2020-07-02T17:45:22","guid":{"rendered":"http:\/\/www.sana.sy\/tr\/?p=213236"},"modified":"2020-07-03T16:21:56","modified_gmt":"2020-07-03T13:21:56","slug":"haseke-kirsalinda-amerikan-isgaline-karsi-protestolar-devam-ediliyor","status":"publish","type":"post","link":"https:\/\/archive.sana.sy\/tr\/?p=213236","title":{"rendered":"Haseke K\u0131rsal\u0131nda \u0130\u015fgalci G\u00fc\u00e7lere Kar\u015f\u0131 Protestolar Devam Ediliyor"},"content":{"rendered":"<p>HASEKE \u2013 Haseke \u0130linde Amerikan i\u015fgalinin varl\u0131\u011f\u0131n\u0131 ve uygulamalar\u0131n\u0131 reddetme protesto g\u00f6sterileri \u00e7er\u00e7evesinde Kam\u0131\u015fl\u0131 k\u0131rsal\u0131nda yer alan Hirbet Amo K\u00f6y\u00fcn\u00fcn ahalisi i\u015fgalci Amerikan g\u00fc\u00e7lerinin topraklar\u0131ndan \u00e7\u0131kmas\u0131n\u0131 talep eden ve s\u00f6zde Sezar yasas\u0131n\u0131 k\u0131nayan protesto g\u00f6sterisi d\u00fczenledi.<\/p>\n<p>SANA\u2019n\u0131n Haseke muhabiri; Kam\u0131\u015fl\u0131 k\u0131rsal\u0131n\u0131n do\u011fusuna d\u00fc\u015fen Hirbet Amo K\u00f6y\u00fcn\u00fcn ahalisinin k\u00f6y meydan\u0131nda topland\u0131klar\u0131n\u0131, vatan bayraklar\u0131 ve Cumhurba\u015fkan\u0131 Be\u015f\u015far el Esad\u2019\u0131n foto\u011fraflar\u0131n\u0131 y\u00fckseltikleri protesto g\u00f6sterisi d\u00fczenlediklerini belirtti.<\/p>\n<p>Muhabir; g\u00f6stericilerin i\u015fgalci Amerikan ve T\u00fcrk g\u00fc\u00e7lerinin varl\u0131\u011f\u0131n\u0131 ve Suriye halk\u0131n\u0131n ya\u015fam\u0131n\u0131 hedef alan s\u00f6zde Sezar yasas\u0131n\u0131 k\u0131nayan afi\u015fler y\u00fckselttiklerini belirtti.<\/p>\n<p>P.M.<\/p>\n","protected":false},"excerpt":{"rendered":"<p>HASEKE \u2013 Haseke \u0130linde Amerikan i\u015fgalinin varl\u0131\u011f\u0131n\u0131 ve uygulamalar\u0131n\u0131 reddetme protesto g\u00f6sterileri \u00e7er\u00e7evesinde Kam\u0131\u015fl\u0131 k\u0131rsal\u0131nda yer alan Hirbet Amo K\u00f6y\u00fcn\u00fcn ahalisi i\u015fgalci Amerikan g\u00fc\u00e7lerinin topraklar\u0131ndan \u00e7\u0131kmas\u0131n\u0131 talep eden ve s\u00f6zde Sezar yasas\u0131n\u0131 k\u0131nayan protesto g\u00f6sterisi d\u00fczenledi. SANA\u2019n\u0131n Haseke muhabiri; Kam\u0131\u015fl\u0131 k\u0131rsal\u0131n\u0131n do\u011fusuna d\u00fc\u015fen Hirbet Amo K\u00f6y\u00fcn\u00fcn ahalisinin k\u00f6y meydan\u0131nda topland\u0131klar\u0131n\u0131, vatan bayraklar\u0131 ve Cumhurba\u015fkan\u0131 Be\u015f\u015far &hellip;<\/p>\n","protected":false},"author":1,"featured_media":213237,"comment_status":"closed","ping_status":"closed","sticky":false,"template":"","format":"standard","meta":{"footnotes":""},"categories":[479,17988,478],"tags":[],"class_list":["post-213236","post","type-post","status-publish","format-standard","has-post-thumbnail","","category-haberler-yerel","category-son-haberler","category-yerel"],"_links":{"self":[{"href":"https:\/\/archive.sana.sy\/tr\/index.php?rest_route=\/wp\/v2\/posts\/213236","targetHints":{"allow":["GET"]}}],"collection":[{"href":"https:\/\/archive.sana.sy\/tr\/index.php?rest_route=\/wp\/v2\/posts"}],"about":[{"href":"https:\/\/archive.sana.sy\/tr\/index.php?rest_route=\/wp\/v2\/types\/post"}],"author":[{"embeddable":true,"href":"https:\/\/archive.sana.sy\/tr\/index.php?rest_route=\/wp\/v2\/users\/1"}],"replies":[{"embeddable":true,"href":"https:\/\/archive.sana.sy\/tr\/index.php?rest_route=%2Fwp%2Fv2%2Fcomments&post=213236"}],"version-history":[{"count":0,"href":"https:\/\/archive.sana.sy\/tr\/index.php?rest_route=\/wp\/v2\/posts\/213236\/revisions"}],"wp:featuredmedia":[{"embeddable":true,"href":"https:\/\/archive.sana.sy\/tr\/index.php?rest_route=\/wp\/v2\/media\/213237"}],"wp:attachment":[{"href":"https:\/\/archive.sana.sy\/tr\/index.php?rest_route=%2Fwp%2Fv2%2Fmedia&parent=213236"}],"wp:term":[{"taxonomy":"category","embeddable":true,"href":"https:\/\/archive.sana.sy\/tr\/index.php?rest_route=%2Fwp%2Fv2%2Fcategories&post=213236"},{"taxonomy":"post_tag","embeddable":true,"href":"https:\/\/archive.sana.sy\/tr\/index.php?rest_route=%2Fwp%2Fv2%2Ftags&post=213236"}],"curies":[{"name":"wp","href":"https:\/\/api.w.org\/{rel}","templated":true}]}}