{"id":213252,"date":"2020-07-03T14:13:33","date_gmt":"2020-07-03T11:13:33","guid":{"rendered":"http:\/\/www.sana.sy\/tr\/?p=213252"},"modified":"2020-07-03T14:13:33","modified_gmt":"2020-07-03T11:13:33","slug":"hindistandaki-suriyeli-ogrencilerin-ikinci-grubu-devletin-tahsis-ettigi-ucakla-vatana-dondu","status":"publish","type":"post","link":"https:\/\/archive.sana.sy\/tr\/?p=213252","title":{"rendered":"Hindistan\u2019daki Suriyeli \u00f6\u011frencilerin ikinci grubu devletin tahsis etti\u011fi u\u00e7akla vatana d\u00f6nd\u00fc"},"content":{"rendered":"<p>Hindistan\u2019daki Suriyeli \u00f6\u011frencilerin ikinci grubu devletin tahsis etti\u011fi u\u00e7akla vatana d\u00f6nd\u00fc<\/p>\n<p><iframe loading=\"lazy\" src=\"https:\/\/www.youtube.com\/embed\/yOimnaxE9qQ\" width=\"620\" height=\"347\" frameborder=\"0\" allowfullscreen=\"allowfullscreen\"><\/iframe><\/p>\n","protected":false},"excerpt":{"rendered":"<p>Hindistan\u2019daki Suriyeli \u00f6\u011frencilerin ikinci grubu devletin tahsis etti\u011fi u\u00e7akla vatana d\u00f6nd\u00fc<\/p>\n","protected":false},"author":1,"featured_media":213253,"comment_status":"closed","ping_status":"closed","sticky":false,"template":"","format":"standard","meta":{"footnotes":""},"categories":[18295],"tags":[],"class_list":["post-213252","post","type-post","status-publish","format-standard","has-post-thumbnail","","category-sana-video"],"_links":{"self":[{"href":"https:\/\/archive.sana.sy\/tr\/index.php?rest_route=\/wp\/v2\/posts\/213252","targetHints":{"allow":["GET"]}}],"collection":[{"href":"https:\/\/archive.sana.sy\/tr\/index.php?rest_route=\/wp\/v2\/posts"}],"about":[{"href":"https:\/\/archive.sana.sy\/tr\/index.php?rest_route=\/wp\/v2\/types\/post"}],"author":[{"embeddable":true,"href":"https:\/\/archive.sana.sy\/tr\/index.php?rest_route=\/wp\/v2\/users\/1"}],"replies":[{"embeddable":true,"href":"https:\/\/archive.sana.sy\/tr\/index.php?rest_route=%2Fwp%2Fv2%2Fcomments&post=213252"}],"version-history":[{"count":0,"href":"https:\/\/archive.sana.sy\/tr\/index.php?rest_route=\/wp\/v2\/posts\/213252\/revisions"}],"wp:featuredmedia":[{"embeddable":true,"href":"https:\/\/archive.sana.sy\/tr\/index.php?rest_route=\/wp\/v2\/media\/213253"}],"wp:attachment":[{"href":"https:\/\/archive.sana.sy\/tr\/index.php?rest_route=%2Fwp%2Fv2%2Fmedia&parent=213252"}],"wp:term":[{"taxonomy":"category","embeddable":true,"href":"https:\/\/archive.sana.sy\/tr\/index.php?rest_route=%2Fwp%2Fv2%2Fcategories&post=213252"},{"taxonomy":"post_tag","embeddable":true,"href":"https:\/\/archive.sana.sy\/tr\/index.php?rest_route=%2Fwp%2Fv2%2Ftags&post=213252"}],"curies":[{"name":"wp","href":"https:\/\/api.w.org\/{rel}","templated":true}]}}