{"id":213270,"date":"2020-07-03T16:11:34","date_gmt":"2020-07-03T13:11:34","guid":{"rendered":"http:\/\/www.sana.sy\/tr\/?p=213270"},"modified":"2020-07-05T12:21:49","modified_gmt":"2020-07-05T09:21:49","slug":"saglik-bakanligi-16-yeni-koronavirus-vakasi-tescil-edildi-10-vaka-sifa-buldu","status":"publish","type":"post","link":"https:\/\/archive.sana.sy\/tr\/?p=213270","title":{"rendered":"Sa\u011fl\u0131k Bakanl\u0131\u011f\u0131: 16 Yeni Koronavir\u00fcs Vakas\u0131 Tescil Edildi.. Bir Vefat, 10 Vaka \u015eifa Buldu"},"content":{"rendered":"<p>\u015eAM \u2013 Sa\u011fl\u0131k Bakanl\u0131\u011f\u0131 bug\u00fcn Suriye\u2019de tescil edilen koronavir\u00fcs isabetlerin 16 yeni vakas\u0131yla art\u0131rd\u0131\u011f\u0131n\u0131, 10 vakan\u0131n \u015fifa buldu\u011funu ve bir vakan\u0131n vefat etti\u011fini a\u00e7\u0131klad\u0131.<\/p>\n<p>SANA\u2019n\u0131n bir n\u00fcshas\u0131n\u0131 ald\u0131\u011f\u0131 beyanda Bakanl\u0131k; Suriye\u2019de bug\u00fcne kadar tescil edilen koronavir\u00fcs vakalar\u0131n\u0131n toplam 328 oldu\u011funu, 123 vakan\u0131n \u015fifa buldu\u011funu ve 10 vakan\u0131n vefat etti\u011fini belirtti.<\/p>\n<p>P.M.<\/p>\n","protected":false},"excerpt":{"rendered":"<p>\u015eAM \u2013 Sa\u011fl\u0131k Bakanl\u0131\u011f\u0131 bug\u00fcn Suriye\u2019de tescil edilen koronavir\u00fcs isabetlerin 16 yeni vakas\u0131yla art\u0131rd\u0131\u011f\u0131n\u0131, 10 vakan\u0131n \u015fifa buldu\u011funu ve bir vakan\u0131n vefat etti\u011fini a\u00e7\u0131klad\u0131. SANA\u2019n\u0131n bir n\u00fcshas\u0131n\u0131 ald\u0131\u011f\u0131 beyanda Bakanl\u0131k; Suriye\u2019de bug\u00fcne kadar tescil edilen koronavir\u00fcs vakalar\u0131n\u0131n toplam 328 oldu\u011funu, 123 vakan\u0131n \u015fifa buldu\u011funu ve 10 vakan\u0131n vefat etti\u011fini belirtti. P.M.<\/p>\n","protected":false},"author":1,"featured_media":213272,"comment_status":"closed","ping_status":"closed","sticky":false,"template":"","format":"standard","meta":{"footnotes":""},"categories":[479,17988,478],"tags":[],"class_list":["post-213270","post","type-post","status-publish","format-standard","has-post-thumbnail","","category-haberler-yerel","category-son-haberler","category-yerel"],"_links":{"self":[{"href":"https:\/\/archive.sana.sy\/tr\/index.php?rest_route=\/wp\/v2\/posts\/213270","targetHints":{"allow":["GET"]}}],"collection":[{"href":"https:\/\/archive.sana.sy\/tr\/index.php?rest_route=\/wp\/v2\/posts"}],"about":[{"href":"https:\/\/archive.sana.sy\/tr\/index.php?rest_route=\/wp\/v2\/types\/post"}],"author":[{"embeddable":true,"href":"https:\/\/archive.sana.sy\/tr\/index.php?rest_route=\/wp\/v2\/users\/1"}],"replies":[{"embeddable":true,"href":"https:\/\/archive.sana.sy\/tr\/index.php?rest_route=%2Fwp%2Fv2%2Fcomments&post=213270"}],"version-history":[{"count":0,"href":"https:\/\/archive.sana.sy\/tr\/index.php?rest_route=\/wp\/v2\/posts\/213270\/revisions"}],"wp:featuredmedia":[{"embeddable":true,"href":"https:\/\/archive.sana.sy\/tr\/index.php?rest_route=\/wp\/v2\/media\/213272"}],"wp:attachment":[{"href":"https:\/\/archive.sana.sy\/tr\/index.php?rest_route=%2Fwp%2Fv2%2Fmedia&parent=213270"}],"wp:term":[{"taxonomy":"category","embeddable":true,"href":"https:\/\/archive.sana.sy\/tr\/index.php?rest_route=%2Fwp%2Fv2%2Fcategories&post=213270"},{"taxonomy":"post_tag","embeddable":true,"href":"https:\/\/archive.sana.sy\/tr\/index.php?rest_route=%2Fwp%2Fv2%2Ftags&post=213270"}],"curies":[{"name":"wp","href":"https:\/\/api.w.org\/{rel}","templated":true}]}}