{"id":213277,"date":"2020-07-03T16:43:28","date_gmt":"2020-07-03T13:43:28","guid":{"rendered":"http:\/\/www.sana.sy\/tr\/?p=213277"},"modified":"2020-07-05T12:21:56","modified_gmt":"2020-07-05T09:21:56","slug":"lavrov-suriyede-kalan-teror-yok-edilmeli-diyalog-yoluyla-krizin-siyasi-cozumune-ulasilmali","status":"publish","type":"post","link":"https:\/\/archive.sana.sy\/tr\/?p=213277","title":{"rendered":"Lavrov: Suriye&#8217;de Kalan Ter\u00f6r Yok Edilmeli.. Diyalog Yoluyla Krizin Siyasi \u00c7\u00f6z\u00fcm\u00fcne Ula\u015f\u0131lmal\u0131.."},"content":{"rendered":"<p>MOSKOVA \u2013 Rusya D\u0131\u015fi\u015fleri Bakan\u0131 Sergey Lavrov Suriye\u2019de kalan ter\u00f6r\u00fcn tamamen yok edilmesi \u00f6nemini vurgularken, Suriye krizinin uluslararas\u0131 2254 karar\u0131na uygun olarak d\u0131\u015f m\u00fcdahalenin olmadan ve Suriyeliler aras\u0131nda diyalog yoluyla siyasi bir \u00e7\u00f6z\u00fcme ula\u015fmas\u0131 gerekti\u011fini do\u011frulad\u0131.<\/p>\n<p>Libya Parlamentosu Ba\u015fkan\u0131 Akila Salih ile Moskova\u2019da bulundu\u011fu toplant\u0131da; Rusya\u2019n\u0131n Suriye krizinin \u00e7\u00f6z\u00fcm\u00fcne y\u00f6nelik BMGK 2554 say\u0131l\u0131 karar\u0131n\u0131 tamamen detekledi\u011fini ve Suriyeliler aras\u0131nda diyalog yoluyla siyasi \u00e7\u00f6z\u00fcm\u00fcn\u00fcn \u00f6nemini vurgulad\u0131\u011f\u0131n\u0131 belirtti.<\/p>\n<p>Suriye\u2019de, Libya\u2019da ve Orta Do\u011fu\u2019nun herhangi bir par\u00e7as\u0131nda da olsa ter\u00f6rizmin yok edilmesi gerekti\u011fini dile getiren Lavrov; bunun herhangi bir \u00e7ifte standardtan uzak olmas\u0131 ve herhangi bir taraf\u0131n ter\u00f6ristleri kullanarak kendi jeopolitik \u00e7\u0131karlar\u0131 ger\u00e7ekle\u015ftirme siyasetinin olmadan yap\u0131lmas\u0131 gerekti\u011fini vurgulad\u0131.<\/p>\n<p>P.M.<\/p>\n","protected":false},"excerpt":{"rendered":"<p>MOSKOVA \u2013 Rusya D\u0131\u015fi\u015fleri Bakan\u0131 Sergey Lavrov Suriye\u2019de kalan ter\u00f6r\u00fcn tamamen yok edilmesi \u00f6nemini vurgularken, Suriye krizinin uluslararas\u0131 2254 karar\u0131na uygun olarak d\u0131\u015f m\u00fcdahalenin olmadan ve Suriyeliler aras\u0131nda diyalog yoluyla siyasi bir \u00e7\u00f6z\u00fcme ula\u015fmas\u0131 gerekti\u011fini do\u011frulad\u0131. Libya Parlamentosu Ba\u015fkan\u0131 Akila Salih ile Moskova\u2019da bulundu\u011fu toplant\u0131da; Rusya\u2019n\u0131n Suriye krizinin \u00e7\u00f6z\u00fcm\u00fcne y\u00f6nelik BMGK 2554 say\u0131l\u0131 karar\u0131n\u0131 tamamen &hellip;<\/p>\n","protected":false},"author":1,"featured_media":213278,"comment_status":"closed","ping_status":"closed","sticky":false,"template":"","format":"standard","meta":{"footnotes":""},"categories":[458,459,17988],"tags":[],"class_list":["post-213277","post","type-post","status-publish","format-standard","has-post-thumbnail","","category-dunya1","category-haberler-arap-uluslararasi-politika","category-son-haberler"],"_links":{"self":[{"href":"https:\/\/archive.sana.sy\/tr\/index.php?rest_route=\/wp\/v2\/posts\/213277","targetHints":{"allow":["GET"]}}],"collection":[{"href":"https:\/\/archive.sana.sy\/tr\/index.php?rest_route=\/wp\/v2\/posts"}],"about":[{"href":"https:\/\/archive.sana.sy\/tr\/index.php?rest_route=\/wp\/v2\/types\/post"}],"author":[{"embeddable":true,"href":"https:\/\/archive.sana.sy\/tr\/index.php?rest_route=\/wp\/v2\/users\/1"}],"replies":[{"embeddable":true,"href":"https:\/\/archive.sana.sy\/tr\/index.php?rest_route=%2Fwp%2Fv2%2Fcomments&post=213277"}],"version-history":[{"count":0,"href":"https:\/\/archive.sana.sy\/tr\/index.php?rest_route=\/wp\/v2\/posts\/213277\/revisions"}],"wp:featuredmedia":[{"embeddable":true,"href":"https:\/\/archive.sana.sy\/tr\/index.php?rest_route=\/wp\/v2\/media\/213278"}],"wp:attachment":[{"href":"https:\/\/archive.sana.sy\/tr\/index.php?rest_route=%2Fwp%2Fv2%2Fmedia&parent=213277"}],"wp:term":[{"taxonomy":"category","embeddable":true,"href":"https:\/\/archive.sana.sy\/tr\/index.php?rest_route=%2Fwp%2Fv2%2Fcategories&post=213277"},{"taxonomy":"post_tag","embeddable":true,"href":"https:\/\/archive.sana.sy\/tr\/index.php?rest_route=%2Fwp%2Fv2%2Ftags&post=213277"}],"curies":[{"name":"wp","href":"https:\/\/api.w.org\/{rel}","templated":true}]}}