{"id":213283,"date":"2020-07-03T19:16:21","date_gmt":"2020-07-03T16:16:21","guid":{"rendered":"http:\/\/www.sana.sy\/tr\/?p=213283"},"modified":"2020-07-05T12:22:29","modified_gmt":"2020-07-05T09:22:29","slug":"isgalci-turkiye-kiraliklari-arasindaki-catismalar-yeniden-alevlendi","status":"publish","type":"post","link":"https:\/\/archive.sana.sy\/tr\/?p=213283","title":{"rendered":"\u0130\u015fgalci T\u00fcrkiye Kiral\u0131klar\u0131 Aras\u0131ndaki \u00c7at\u0131\u015fmalar Yeniden Alevlendi"},"content":{"rendered":"<p style=\"text-align: justify;\">HASEKE &#8211; Haseke&#8217;nin kuzeybat\u0131s\u0131ndaki Rasul Ayn kentindeki ter\u00f6r \u00f6rg\u00fctlerinden i\u015fgalci T\u00fcrkiye&#8217;ye ba\u011fl\u0131 ter\u00f6rist \u00f6rg\u00fctlerden kiral\u0131klar\u0131 aras\u0131nda n\u00fcfuz b\u00f6lgelerine \u00e7at\u0131\u015fmalar, ihanet su\u00e7lamalar\u0131 ve kar\u015f\u0131l\u0131kl\u0131 suikast giri\u015fimleri ba\u011flam\u0131nda \u015fiddetli \u00e7at\u0131\u015fmalar yeniden alevlendi.<\/p>\n<p style=\"text-align: justify;\">Yerel kaynaklar SANA muhabirine a\u00e7\u0131klamalar\u0131nda, i\u015fgalci T\u00fcrkiye&#8217;nin kiral\u0131klar\u0131 olan s\u00f6zde &#8220;El Hamzat Grubu&#8221; ve s\u00f6zde &#8220;Sultan Murad&#8221; gruplar\u0131 aras\u0131nda Rasul Ayn kentinde, \u00e7al\u0131nt\u0131lar\u0131 ve n\u00fcfuz b\u00f6lgelerini b\u00f6l\u00fc\u015fmek, ihanetlerle su\u00e7lamalar ve kentte bomba d\u00fczenekli ara\u00e7lar\u0131 patlatmak su\u00e7lamalar\u0131yla kendi aralar\u0131nda hafif ve orta d\u00fczey silahlarla \u00e7at\u0131\u015fmalar\u0131n ya\u00e7anmd\u0131\u011f\u0131n\u0131 bunun sonucunda da baz\u0131 ter\u00f6ristlerin yaralanmas\u0131na yol a\u00e7t\u0131\u011f\u0131n\u0131 s\u00f6yledi.<\/p>\n<p style=\"text-align: justify;\">Kaynaklar, kentin eksenleri ve temel caddelerinde odaklanan \u00e7at\u0131\u015fmalar\u0131n kendi aralar\u0131nda \u00e7at\u0131\u015fan gruplar\u0131n saflar\u0131nda isabetlere yol a\u00e7t\u0131\u011f\u0131n\u0131 ahali saflar\u0131nda da korku ve endi\u015feye sebebiyet verdi\u011fini ter\u00f6rist gruplar\u0131n birka\u00e7 arac\u0131n\u0131n da yanmas\u0131na yol a\u00e7t\u0131\u011f\u0131na dikkat \u00e7ekti.<\/p>\n<p>&nbsp;<\/p>\n","protected":false},"excerpt":{"rendered":"<p>HASEKE &#8211; Haseke&#8217;nin kuzeybat\u0131s\u0131ndaki Rasul Ayn kentindeki ter\u00f6r \u00f6rg\u00fctlerinden i\u015fgalci T\u00fcrkiye&#8217;ye ba\u011fl\u0131 ter\u00f6rist \u00f6rg\u00fctlerden kiral\u0131klar\u0131 aras\u0131nda n\u00fcfuz b\u00f6lgelerine \u00e7at\u0131\u015fmalar, ihanet su\u00e7lamalar\u0131 ve kar\u015f\u0131l\u0131kl\u0131 suikast giri\u015fimleri ba\u011flam\u0131nda \u015fiddetli \u00e7at\u0131\u015fmalar yeniden alevlendi. Yerel kaynaklar SANA muhabirine a\u00e7\u0131klamalar\u0131nda, i\u015fgalci T\u00fcrkiye&#8217;nin kiral\u0131klar\u0131 olan s\u00f6zde &#8220;El Hamzat Grubu&#8221; ve s\u00f6zde &#8220;Sultan Murad&#8221; gruplar\u0131 aras\u0131nda Rasul Ayn kentinde, \u00e7al\u0131nt\u0131lar\u0131 ve n\u00fcfuz &hellip;<\/p>\n","protected":false},"author":1,"featured_media":213305,"comment_status":"closed","ping_status":"closed","sticky":false,"template":"","format":"standard","meta":{"footnotes":""},"categories":[479,575,17988,2554,2555,478],"tags":[],"class_list":["post-213283","post","type-post","status-publish","format-standard","has-post-thumbnail","","category-haberler-yerel","category-olaylar-ve-gercekler","category-son-haberler","category-suriye-ve-dunya","category-suriye-ve-turkiye","category-yerel"],"_links":{"self":[{"href":"https:\/\/archive.sana.sy\/tr\/index.php?rest_route=\/wp\/v2\/posts\/213283","targetHints":{"allow":["GET"]}}],"collection":[{"href":"https:\/\/archive.sana.sy\/tr\/index.php?rest_route=\/wp\/v2\/posts"}],"about":[{"href":"https:\/\/archive.sana.sy\/tr\/index.php?rest_route=\/wp\/v2\/types\/post"}],"author":[{"embeddable":true,"href":"https:\/\/archive.sana.sy\/tr\/index.php?rest_route=\/wp\/v2\/users\/1"}],"replies":[{"embeddable":true,"href":"https:\/\/archive.sana.sy\/tr\/index.php?rest_route=%2Fwp%2Fv2%2Fcomments&post=213283"}],"version-history":[{"count":0,"href":"https:\/\/archive.sana.sy\/tr\/index.php?rest_route=\/wp\/v2\/posts\/213283\/revisions"}],"wp:featuredmedia":[{"embeddable":true,"href":"https:\/\/archive.sana.sy\/tr\/index.php?rest_route=\/wp\/v2\/media\/213305"}],"wp:attachment":[{"href":"https:\/\/archive.sana.sy\/tr\/index.php?rest_route=%2Fwp%2Fv2%2Fmedia&parent=213283"}],"wp:term":[{"taxonomy":"category","embeddable":true,"href":"https:\/\/archive.sana.sy\/tr\/index.php?rest_route=%2Fwp%2Fv2%2Fcategories&post=213283"},{"taxonomy":"post_tag","embeddable":true,"href":"https:\/\/archive.sana.sy\/tr\/index.php?rest_route=%2Fwp%2Fv2%2Ftags&post=213283"}],"curies":[{"name":"wp","href":"https:\/\/api.w.org\/{rel}","templated":true}]}}