{"id":21368,"date":"2015-01-20T13:55:50","date_gmt":"2015-01-20T11:55:50","guid":{"rendered":"http:\/\/www.sana.sy\/tr\/?p=21368"},"modified":"2015-01-20T13:55:50","modified_gmt":"2015-01-20T11:55:50","slug":"cezaevi-teror-egitimi-ve-operasyon-karargahina-donusturulmus","status":"publish","type":"post","link":"https:\/\/archive.sana.sy\/tr\/?p=21368","title":{"rendered":"Cezaevi Ter\u00f6r E\u011fitimi ve Operasyon Karargah\u0131na D\u00f6n\u00fc\u015ft\u00fcr\u00fclm\u00fc\u015f"},"content":{"rendered":"<p>BEYRUT \u2013 L\u00fcbnan g\u00fcvenlik g\u00fc\u00e7leri Beyrut\u2019un do\u011fusundaki Rumiye Cezaevinde; radikal mahkumlar\u0131n bulundu\u011fu b\u00f6l\u00fcmde ter\u00f6r eylemlerinin planlan\u0131p koordine edildi\u011fi tam te\u00e7hizat bir operasyon odas\u0131 buldular.<\/p>\n<p>L\u00fcbnanl\u0131 el Ahbar Gazetesi g\u00fcvenlik kaynaklar\u0131ndan naklen, g\u00fcvenlik birimlerinin son g\u00fcnlerde cezaevine d\u00fczenledikleri bask\u0131n operasyonlar\u0131nda mahkumlara ait 2 bin adet cep telefonu ve medyada kullan\u0131lan montaj cihazlar\u0131n\u0131n yan\u0131 s\u0131ra binlerce dolar ve milyonlarca L\u00fcbnan liras\u0131 ele ge\u00e7irdiklerini aktard\u0131.<\/p>\n<p>L\u00fcbnanl\u0131 g\u00fcvenlik kaynaklar\u0131 mahkumlar\u0131n cezaevini radikallerin ter\u00f6r eylemleri i\u00e7in e\u011fitim merkezi ve d\u0131\u015far\u0131da yap\u0131lan ter\u00f6r eylemlerinin operasyon karargah\u0131na d\u00f6n\u00fc\u015ft\u00fcrd\u00fcklerini belirtti. Daha \u00f6nce g\u00fcvenlik g\u00fc\u00e7lerinin giremedikleri Cezaevine bask\u0131n s\u0131ras\u0131nda mahkumlar\u0131n \u00f6zel olarak haz\u0131rlam\u0131\u015f olduklar\u0131 zulalara cep telefonlar\u0131, el bombalar\u0131 maketleri ve patlay\u0131c\u0131 imalat\u0131n\u0131 \u00f6\u011freten bro\u015f\u00fcrler saklad\u0131klar\u0131n\u0131 aktaran kaynaklar; g\u00f6r\u00fcnt\u00fc ve ses kay\u0131t cihazlar\u0131n\u0131n da ele ge\u00e7irildi\u011fine dikkat \u00e7ekti.<\/p>\n<p>Bu arada L\u00fcbnan g\u00fcvenlik g\u00fc\u00e7leri 12 Ocak tarihinde cezaevinde daha \u00f6nce girmeleri m\u00fcmk\u00fcn olmayan b\u00f6l\u00fcmlere bask\u0131n operasyonu d\u00fczenlemi\u015flerdi.<\/p>\n","protected":false},"excerpt":{"rendered":"<p>BEYRUT \u2013 L\u00fcbnan g\u00fcvenlik g\u00fc\u00e7leri Beyrut\u2019un do\u011fusundaki Rumiye Cezaevinde; radikal mahkumlar\u0131n bulundu\u011fu b\u00f6l\u00fcmde ter\u00f6r eylemlerinin planlan\u0131p koordine edildi\u011fi tam te\u00e7hizat bir operasyon odas\u0131 buldular. L\u00fcbnanl\u0131 el Ahbar Gazetesi g\u00fcvenlik kaynaklar\u0131ndan naklen, g\u00fcvenlik birimlerinin son g\u00fcnlerde cezaevine d\u00fczenledikleri bask\u0131n operasyonlar\u0131nda mahkumlara ait 2 bin adet cep telefonu ve medyada kullan\u0131lan montaj cihazlar\u0131n\u0131n yan\u0131 s\u0131ra binlerce dolar &hellip;<\/p>\n","protected":false},"author":1,"featured_media":21369,"comment_status":"closed","ping_status":"closed","sticky":false,"template":"","format":"standard","meta":{"footnotes":""},"categories":[458,459,447],"tags":[10387,10389,10388],"class_list":["post-21368","post","type-post","status-publish","format-standard","has-post-thumbnail","","category-dunya1","category-haberler-arap-uluslararasi-politika","category-politika","tag-cezaevi-teror-egitimi-ve-operasyon-karargahina-donusturulmus-beyrut-lubnan-guvenlik-gucleri-beyrutun-dogusundaki-rumiye-cezaevinde-radikal-mahkumlarin-bulundugu-bolumde-teror-eylem","tag-el-bombalari-maketleri-ve-patlayici-imalatini-ogreten-brosurler-sakladiklarini-aktaran-kaynaklar-goruntu-ve-ses-kayit-cihazlarinin-da-ele-gecirildigine-dikkat-cekti-bu-arada-lubnan-guvenlik-gucleri","tag-guvenlik-birimlerinin-son-gunlerde-cezaevine-duzenledikleri-baskin-operasyonlarinda-mahkumlara-ait-2-bin-adet-cep-telefonu-ve-medyada-kullanilan-montaj-cihazlarinin-yani-sira-binlerce-dolar-ve-milyonl"],"_links":{"self":[{"href":"https:\/\/archive.sana.sy\/tr\/index.php?rest_route=\/wp\/v2\/posts\/21368","targetHints":{"allow":["GET"]}}],"collection":[{"href":"https:\/\/archive.sana.sy\/tr\/index.php?rest_route=\/wp\/v2\/posts"}],"about":[{"href":"https:\/\/archive.sana.sy\/tr\/index.php?rest_route=\/wp\/v2\/types\/post"}],"author":[{"embeddable":true,"href":"https:\/\/archive.sana.sy\/tr\/index.php?rest_route=\/wp\/v2\/users\/1"}],"replies":[{"embeddable":true,"href":"https:\/\/archive.sana.sy\/tr\/index.php?rest_route=%2Fwp%2Fv2%2Fcomments&post=21368"}],"version-history":[{"count":0,"href":"https:\/\/archive.sana.sy\/tr\/index.php?rest_route=\/wp\/v2\/posts\/21368\/revisions"}],"wp:featuredmedia":[{"embeddable":true,"href":"https:\/\/archive.sana.sy\/tr\/index.php?rest_route=\/wp\/v2\/media\/21369"}],"wp:attachment":[{"href":"https:\/\/archive.sana.sy\/tr\/index.php?rest_route=%2Fwp%2Fv2%2Fmedia&parent=21368"}],"wp:term":[{"taxonomy":"category","embeddable":true,"href":"https:\/\/archive.sana.sy\/tr\/index.php?rest_route=%2Fwp%2Fv2%2Fcategories&post=21368"},{"taxonomy":"post_tag","embeddable":true,"href":"https:\/\/archive.sana.sy\/tr\/index.php?rest_route=%2Fwp%2Fv2%2Ftags&post=21368"}],"curies":[{"name":"wp","href":"https:\/\/api.w.org\/{rel}","templated":true}]}}