{"id":21371,"date":"2015-01-20T14:04:28","date_gmt":"2015-01-20T12:04:28","guid":{"rendered":"http:\/\/www.sana.sy\/tr\/?p=21371"},"modified":"2015-01-20T15:05:37","modified_gmt":"2015-01-20T13:05:37","slug":"21371","status":"publish","type":"post","link":"https:\/\/archive.sana.sy\/tr\/?p=21371","title":{"rendered":"Irak H\u00fck\u00fcmetinden Suriyeli Sanayicilere \u00c7a\u011fr\u0131"},"content":{"rendered":"<p>BA\u011eDAT \u2013 Irak h\u00fck\u00fcmeti Suriyeli sanayicileri Irak\u2019ta yat\u0131r\u0131mlarda bulunma ve elektrik Bakanl\u0131\u011f\u0131 ile ortak projeleri hayata ge\u00e7irmelerine \u00e7a\u011f\u0131rd\u0131.<\/p>\n<p>Irak Elektrik Bakanl\u0131\u011f\u0131 bug\u00fcn yay\u0131nlad\u0131\u011f\u0131 ve SANA\u2019n\u0131n bir n\u00fcshas\u0131n\u0131 ald\u0131\u011f\u0131 Irak Elektrik Bakan\u0131 Kas\u0131m Muhammed Fehdavi\u2019nin Suriye&#8217;nin Ba\u011fdat B\u00fcy\u00fckel\u00e7isi Sattam Cedan el Dendah ile bir araya gelerek iki \u00fclke aras\u0131nda elektrik enercisi alan\u0131nda ortak \u00e7al\u0131\u015fmalarda bulunma olanaklar\u0131n\u0131 masaya yat\u0131rd\u0131\u011f\u0131n\u0131 aktard\u0131. Beyanda Fehdavi\u2019nin Suriyeli sanayicileri elektrik \u00fcretimi ve aktar\u0131m\u0131nda kullan\u0131lan malzemelerin Irak\u2019ta imalat\u0131 i\u00e7in Suriyeli sanayicileri Irak\u2019ta yat\u0131r\u0131mlarda bulunmaya \u00e7a\u011f\u0131rd\u0131\u011f\u0131 ifade edildi.<\/p>\n","protected":false},"excerpt":{"rendered":"<p>BA\u011eDAT \u2013 Irak h\u00fck\u00fcmeti Suriyeli sanayicileri Irak\u2019ta yat\u0131r\u0131mlarda bulunma ve elektrik Bakanl\u0131\u011f\u0131 ile ortak projeleri hayata ge\u00e7irmelerine \u00e7a\u011f\u0131rd\u0131. Irak Elektrik Bakanl\u0131\u011f\u0131 bug\u00fcn yay\u0131nlad\u0131\u011f\u0131 ve SANA\u2019n\u0131n bir n\u00fcshas\u0131n\u0131 ald\u0131\u011f\u0131 Irak Elektrik Bakan\u0131 Kas\u0131m Muhammed Fehdavi\u2019nin Suriye&#8217;nin Ba\u011fdat B\u00fcy\u00fckel\u00e7isi Sattam Cedan el Dendah ile bir araya gelerek iki \u00fclke aras\u0131nda elektrik enercisi alan\u0131nda ortak \u00e7al\u0131\u015fmalarda bulunma olanaklar\u0131n\u0131 &hellip;<\/p>\n","protected":false},"author":1,"featured_media":21372,"comment_status":"closed","ping_status":"closed","sticky":false,"template":"","format":"standard","meta":{"footnotes":""},"categories":[458,485,459,486],"tags":[10390],"class_list":["post-21371","post","type-post","status-publish","format-standard","has-post-thumbnail","","category-dunya1","category-is-ve-sermaye","category-haberler-arap-uluslararasi-politika","category-haberler-is-ve-sermaye","tag-irak-hukumetinden-suriyeli-isadamlarina-yatirim-cagrisi-bagdat-irak-hukumeti-suriyeli-sanayicileri-irakta-yatirimlarda-bulunma-ve-elektrik-bakanligi-ile-ortak-projeleri-hayata-gecir"],"_links":{"self":[{"href":"https:\/\/archive.sana.sy\/tr\/index.php?rest_route=\/wp\/v2\/posts\/21371","targetHints":{"allow":["GET"]}}],"collection":[{"href":"https:\/\/archive.sana.sy\/tr\/index.php?rest_route=\/wp\/v2\/posts"}],"about":[{"href":"https:\/\/archive.sana.sy\/tr\/index.php?rest_route=\/wp\/v2\/types\/post"}],"author":[{"embeddable":true,"href":"https:\/\/archive.sana.sy\/tr\/index.php?rest_route=\/wp\/v2\/users\/1"}],"replies":[{"embeddable":true,"href":"https:\/\/archive.sana.sy\/tr\/index.php?rest_route=%2Fwp%2Fv2%2Fcomments&post=21371"}],"version-history":[{"count":0,"href":"https:\/\/archive.sana.sy\/tr\/index.php?rest_route=\/wp\/v2\/posts\/21371\/revisions"}],"wp:featuredmedia":[{"embeddable":true,"href":"https:\/\/archive.sana.sy\/tr\/index.php?rest_route=\/wp\/v2\/media\/21372"}],"wp:attachment":[{"href":"https:\/\/archive.sana.sy\/tr\/index.php?rest_route=%2Fwp%2Fv2%2Fmedia&parent=21371"}],"wp:term":[{"taxonomy":"category","embeddable":true,"href":"https:\/\/archive.sana.sy\/tr\/index.php?rest_route=%2Fwp%2Fv2%2Fcategories&post=21371"},{"taxonomy":"post_tag","embeddable":true,"href":"https:\/\/archive.sana.sy\/tr\/index.php?rest_route=%2Fwp%2Fv2%2Ftags&post=21371"}],"curies":[{"name":"wp","href":"https:\/\/api.w.org\/{rel}","templated":true}]}}