{"id":21377,"date":"2015-01-20T14:47:40","date_gmt":"2015-01-20T12:47:40","guid":{"rendered":"http:\/\/www.sana.sy\/tr\/?p=21377"},"modified":"2015-01-20T14:47:40","modified_gmt":"2015-01-20T12:47:40","slug":"iside-terorist-orgutleyen-bir-sebeke-daha-cokertildi","status":"publish","type":"post","link":"https:\/\/archive.sana.sy\/tr\/?p=21377","title":{"rendered":"I\u015e\u0130D\u2019e Ter\u00f6rist \u00d6rg\u00fctleyen Bir \u015eebeke Daha \u00c7\u00f6kertildi"},"content":{"rendered":"<p>WASH\u0130NGTON \u2013 Fas \u0130\u00e7i\u015fleri Bakanl\u0131\u011f\u0131 bug\u00fcn Suriye ve Irak\u2019ta I\u015e\u0130D ter\u00f6r \u00f6rg\u00fct\u00fcne kat\u0131lmalar\u0131 i\u00e7in ter\u00f6rist \u00f6rg\u00fctleyen bir \u015febekenin daha \u00e7\u00f6kertildi\u011fini ilan etti.<\/p>\n<p>Amerikan World Tribune gazetesine \u00f6zel raporda fas \u0130\u00e7i\u015fleri Bakanl\u0131\u011f\u0131 ter\u00f6r tehlikesiyle m\u00fccadele \u00e7abalar\u0131 kapsam\u0131nda aralar\u0131nda daha \u00f6nce cezaevinden sal\u0131nan vatanda\u015flar\u0131n bulundu\u011fu 5 ki\u015filik bir ter\u00f6rist \u00f6rg\u00fctleme \u015febekesini \u00e7\u00f6kerttiklerini ve \u015febeke \u00fcyelerinin tutukland\u0131klar\u0131n\u0131 a\u00e7\u0131klad\u0131.<\/p>\n<p>Fas h\u00fck\u00fcmeti daha \u00f6nce yapt\u0131\u011f\u0131 a\u00e7\u0131klamada 1200\u2019den fazla Fasl\u0131n\u0131n Suriye&#8217;de I\u015e\u0130D ve Nusra Cephesine kat\u0131ld\u0131klar\u0131n\u0131 a\u00e7\u0131klam\u0131\u015ft\u0131.<\/p>\n","protected":false},"excerpt":{"rendered":"<p>WASH\u0130NGTON \u2013 Fas \u0130\u00e7i\u015fleri Bakanl\u0131\u011f\u0131 bug\u00fcn Suriye ve Irak\u2019ta I\u015e\u0130D ter\u00f6r \u00f6rg\u00fct\u00fcne kat\u0131lmalar\u0131 i\u00e7in ter\u00f6rist \u00f6rg\u00fctleyen bir \u015febekenin daha \u00e7\u00f6kertildi\u011fini ilan etti. Amerikan World Tribune gazetesine \u00f6zel raporda fas \u0130\u00e7i\u015fleri Bakanl\u0131\u011f\u0131 ter\u00f6r tehlikesiyle m\u00fccadele \u00e7abalar\u0131 kapsam\u0131nda aralar\u0131nda daha \u00f6nce cezaevinden sal\u0131nan vatanda\u015flar\u0131n bulundu\u011fu 5 ki\u015filik bir ter\u00f6rist \u00f6rg\u00fctleme \u015febekesini \u00e7\u00f6kerttiklerini ve \u015febeke \u00fcyelerinin tutukland\u0131klar\u0131n\u0131 a\u00e7\u0131klad\u0131. &hellip;<\/p>\n","protected":false},"author":1,"featured_media":21378,"comment_status":"closed","ping_status":"closed","sticky":false,"template":"","format":"standard","meta":{"footnotes":""},"categories":[458,459,447],"tags":[10394],"class_list":["post-21377","post","type-post","status-publish","format-standard","has-post-thumbnail","","category-dunya1","category-haberler-arap-uluslararasi-politika","category-politika","tag-iside-terorist-orgutleyen-bir-sebeke-daha-cokertildi-washington-fas-icisleri-bakanligi-bugun-suriye-ve-irakta-isid-teror-orgutune-katilmalari-icin-terorist-orgutleyen-bir-s"],"_links":{"self":[{"href":"https:\/\/archive.sana.sy\/tr\/index.php?rest_route=\/wp\/v2\/posts\/21377","targetHints":{"allow":["GET"]}}],"collection":[{"href":"https:\/\/archive.sana.sy\/tr\/index.php?rest_route=\/wp\/v2\/posts"}],"about":[{"href":"https:\/\/archive.sana.sy\/tr\/index.php?rest_route=\/wp\/v2\/types\/post"}],"author":[{"embeddable":true,"href":"https:\/\/archive.sana.sy\/tr\/index.php?rest_route=\/wp\/v2\/users\/1"}],"replies":[{"embeddable":true,"href":"https:\/\/archive.sana.sy\/tr\/index.php?rest_route=%2Fwp%2Fv2%2Fcomments&post=21377"}],"version-history":[{"count":0,"href":"https:\/\/archive.sana.sy\/tr\/index.php?rest_route=\/wp\/v2\/posts\/21377\/revisions"}],"wp:featuredmedia":[{"embeddable":true,"href":"https:\/\/archive.sana.sy\/tr\/index.php?rest_route=\/wp\/v2\/media\/21378"}],"wp:attachment":[{"href":"https:\/\/archive.sana.sy\/tr\/index.php?rest_route=%2Fwp%2Fv2%2Fmedia&parent=21377"}],"wp:term":[{"taxonomy":"category","embeddable":true,"href":"https:\/\/archive.sana.sy\/tr\/index.php?rest_route=%2Fwp%2Fv2%2Fcategories&post=21377"},{"taxonomy":"post_tag","embeddable":true,"href":"https:\/\/archive.sana.sy\/tr\/index.php?rest_route=%2Fwp%2Fv2%2Ftags&post=21377"}],"curies":[{"name":"wp","href":"https:\/\/api.w.org\/{rel}","templated":true}]}}