{"id":21380,"date":"2015-01-20T14:55:31","date_gmt":"2015-01-20T12:55:31","guid":{"rendered":"http:\/\/www.sana.sy\/tr\/?p=21380"},"modified":"2015-01-20T14:55:31","modified_gmt":"2015-01-20T12:55:31","slug":"lazkiyede-organize-sanayi-bolgesine-iliskin-calismalar-masaya-yatirildi","status":"publish","type":"post","link":"https:\/\/archive.sana.sy\/tr\/?p=21380","title":{"rendered":"Lazkiye\u2019de Organize Sanayi B\u00f6lgesine \u0130li\u015fkin \u00c7al\u0131\u015fmalar Masaya Yat\u0131r\u0131ld\u0131"},"content":{"rendered":"<p>LAZK\u0130YE \u2013 Lazkiye Valisi \u0130brahim H\u0131z\u0131r el Salim Lazkiye Kent Meclisi ve Sanatkarlar Birli\u011fi \u0130l \u015eubesi ile Lazkiye\u2019de kurulmakta olan organize sanayi b\u00f6lgesine ili\u015fkin \u00e7al\u0131\u015fmalar ve bu b\u00f6lgenin en k\u0131sa zamanda faaliyete girmesi \u00e7al\u0131\u015fmalar\u0131n\u0131 masaya yat\u0131rd\u0131.<\/p>\n<p>Sanayi b\u00f6lgesine ili\u015fkin altyap\u0131 ve sanayicilerinin ihtiya\u00e7 duyacaklar\u0131 t\u00fcm gereksinimlerin en k\u0131sa zamanda tamamlanmas\u0131 y\u00f6nlendirmelerinde bulunan Vali Salim; b\u00f6lgeye ili\u015fkin \u00e7al\u0131\u015fmalar\u0131 organize edecek bir kurulun te\u015fkil edilmesi direktiflerinde bulundu.<\/p>\n","protected":false},"excerpt":{"rendered":"<p>LAZK\u0130YE \u2013 Lazkiye Valisi \u0130brahim H\u0131z\u0131r el Salim Lazkiye Kent Meclisi ve Sanatkarlar Birli\u011fi \u0130l \u015eubesi ile Lazkiye\u2019de kurulmakta olan organize sanayi b\u00f6lgesine ili\u015fkin \u00e7al\u0131\u015fmalar ve bu b\u00f6lgenin en k\u0131sa zamanda faaliyete girmesi \u00e7al\u0131\u015fmalar\u0131n\u0131 masaya yat\u0131rd\u0131. Sanayi b\u00f6lgesine ili\u015fkin altyap\u0131 ve sanayicilerinin ihtiya\u00e7 duyacaklar\u0131 t\u00fcm gereksinimlerin en k\u0131sa zamanda tamamlanmas\u0131 y\u00f6nlendirmelerinde bulunan Vali Salim; b\u00f6lgeye &hellip;<\/p>\n","protected":false},"author":1,"featured_media":21381,"comment_status":"closed","ping_status":"closed","sticky":false,"template":"","format":"standard","meta":{"footnotes":""},"categories":[485,486,479,478],"tags":[10395],"class_list":["post-21380","post","type-post","status-publish","format-standard","has-post-thumbnail","","category-is-ve-sermaye","category-haberler-is-ve-sermaye","category-haberler-yerel","category-yerel","tag-lazkiyede-organize-sanayi-bolgesine-iliskin-calismalar-masaya-yatirildi-lazkiye-lazkiye-valisi-ibrahim-hizir-el-salim-lazkiye-kent-meclisi-ve-sanatkarlar-birligi-il-subesi-ile-lazki"],"_links":{"self":[{"href":"https:\/\/archive.sana.sy\/tr\/index.php?rest_route=\/wp\/v2\/posts\/21380","targetHints":{"allow":["GET"]}}],"collection":[{"href":"https:\/\/archive.sana.sy\/tr\/index.php?rest_route=\/wp\/v2\/posts"}],"about":[{"href":"https:\/\/archive.sana.sy\/tr\/index.php?rest_route=\/wp\/v2\/types\/post"}],"author":[{"embeddable":true,"href":"https:\/\/archive.sana.sy\/tr\/index.php?rest_route=\/wp\/v2\/users\/1"}],"replies":[{"embeddable":true,"href":"https:\/\/archive.sana.sy\/tr\/index.php?rest_route=%2Fwp%2Fv2%2Fcomments&post=21380"}],"version-history":[{"count":0,"href":"https:\/\/archive.sana.sy\/tr\/index.php?rest_route=\/wp\/v2\/posts\/21380\/revisions"}],"wp:featuredmedia":[{"embeddable":true,"href":"https:\/\/archive.sana.sy\/tr\/index.php?rest_route=\/wp\/v2\/media\/21381"}],"wp:attachment":[{"href":"https:\/\/archive.sana.sy\/tr\/index.php?rest_route=%2Fwp%2Fv2%2Fmedia&parent=21380"}],"wp:term":[{"taxonomy":"category","embeddable":true,"href":"https:\/\/archive.sana.sy\/tr\/index.php?rest_route=%2Fwp%2Fv2%2Fcategories&post=21380"},{"taxonomy":"post_tag","embeddable":true,"href":"https:\/\/archive.sana.sy\/tr\/index.php?rest_route=%2Fwp%2Fv2%2Ftags&post=21380"}],"curies":[{"name":"wp","href":"https:\/\/api.w.org\/{rel}","templated":true}]}}