{"id":21384,"date":"2015-01-20T15:09:49","date_gmt":"2015-01-20T13:09:49","guid":{"rendered":"http:\/\/www.sana.sy\/tr\/?p=21384"},"modified":"2015-01-20T15:09:49","modified_gmt":"2015-01-20T13:09:49","slug":"isci-sendikalari-federasyonu-yeni-idaresini-secti","status":"publish","type":"post","link":"https:\/\/archive.sana.sy\/tr\/?p=21384","title":{"rendered":"\u0130\u015f\u00e7i Sendikalar\u0131 Federasyonu Yeni \u0130daresini Se\u00e7ti"},"content":{"rendered":"<p>\u015eAM \u2013 \u0130\u015f\u00e7i Sendikalar\u0131 Federasyonu 26. Kongresinin bitiminde bug\u00fcn yeni ba\u015fkan\u0131, y\u00fcr\u00fctme kurul \u00fcyeleri ve denetleme ve tefti\u015f komitesinin \u00fcyelerini se\u00e7ti.<\/p>\n<p>Federasyon Ba\u015fkanl\u0131\u011f\u0131na Cemal el Kadiri se\u00e7ilirken, \u0130brahim \u0130beydo\u2019da ba\u015fkan yard\u0131mc\u0131s\u0131 se\u00e7ildi.<br \/>\nFederasyonun y\u00fcr\u00fctme ofis \u00fcyeleri ve denetleme ve tefti\u015f komitesi \u00fcyeleri muhtelif siyasi ak\u0131mlardan ve partilerden se\u00e7ildi.<\/p>\n<p>Bas\u0131na a\u00e7\u0131klama yapan Kavadiri vatan\u0131n korunmas\u0131 ve yap\u0131land\u0131r\u0131lmas\u0131nda herkese g\u00f6rev ve sorumluluk d\u00fc\u015ft\u00fc\u011f\u00fcn\u00fc belirtirken, i\u015f\u00e7i ve emek\u00e7ilerin \u015fu ana dek oldu\u011fu gibi yurtseverlik ve duyarl\u0131l\u0131kla al\u0131nterlerini vatan\u0131n kutsal topraklar\u0131na d\u00f6kmeye devam edeceklerini ifade etti.<\/p>\n","protected":false},"excerpt":{"rendered":"<p>\u015eAM \u2013 \u0130\u015f\u00e7i Sendikalar\u0131 Federasyonu 26. Kongresinin bitiminde bug\u00fcn yeni ba\u015fkan\u0131, y\u00fcr\u00fctme kurul \u00fcyeleri ve denetleme ve tefti\u015f komitesinin \u00fcyelerini se\u00e7ti. Federasyon Ba\u015fkanl\u0131\u011f\u0131na Cemal el Kadiri se\u00e7ilirken, \u0130brahim \u0130beydo\u2019da ba\u015fkan yard\u0131mc\u0131s\u0131 se\u00e7ildi. Federasyonun y\u00fcr\u00fctme ofis \u00fcyeleri ve denetleme ve tefti\u015f komitesi \u00fcyeleri muhtelif siyasi ak\u0131mlardan ve partilerden se\u00e7ildi. Bas\u0131na a\u00e7\u0131klama yapan Kavadiri vatan\u0131n korunmas\u0131 ve &hellip;<\/p>\n","protected":false},"author":1,"featured_media":21385,"comment_status":"closed","ping_status":"closed","sticky":false,"template":"","format":"standard","meta":{"footnotes":""},"categories":[479,478],"tags":[10398,10396,10399,10397],"class_list":["post-21384","post","type-post","status-publish","format-standard","has-post-thumbnail","","category-haberler-yerel","category-yerel","tag-ibrahim-ibeydoda-baskan-yardimcisi-secildi-federasyonun-yurutme-ofis-uyeleri-ve-denetleme-ve-teftis-komitesi-uyeleri-muhtelif-siyasi-akimlardan-ve-partilerden-secildi-basina-aciklama-yapan","tag-isci-sendikalari-federasyonu-yeni-idaresini-secti-sam-isci-sendikalari-federasyonu-26-kongresinin-bitiminde-bugun-yeni-baskani","tag-isci-ve-emekcilerin-su-ana-dek-oldugu-gibi-yurtseverlik-ve-duyarlilikla-alinterlerini-vatanin-kutsal-topraklarina-dokmeye-devam-edeceklerini-ifade-etti","tag-yurutme-kurul-uyeleri-ve-denetleme-ve-teftis-komitesinin-uyelerini-secti-federasyon-baskanligina-cemal-el-kadiri-secilirken"],"_links":{"self":[{"href":"https:\/\/archive.sana.sy\/tr\/index.php?rest_route=\/wp\/v2\/posts\/21384","targetHints":{"allow":["GET"]}}],"collection":[{"href":"https:\/\/archive.sana.sy\/tr\/index.php?rest_route=\/wp\/v2\/posts"}],"about":[{"href":"https:\/\/archive.sana.sy\/tr\/index.php?rest_route=\/wp\/v2\/types\/post"}],"author":[{"embeddable":true,"href":"https:\/\/archive.sana.sy\/tr\/index.php?rest_route=\/wp\/v2\/users\/1"}],"replies":[{"embeddable":true,"href":"https:\/\/archive.sana.sy\/tr\/index.php?rest_route=%2Fwp%2Fv2%2Fcomments&post=21384"}],"version-history":[{"count":0,"href":"https:\/\/archive.sana.sy\/tr\/index.php?rest_route=\/wp\/v2\/posts\/21384\/revisions"}],"wp:featuredmedia":[{"embeddable":true,"href":"https:\/\/archive.sana.sy\/tr\/index.php?rest_route=\/wp\/v2\/media\/21385"}],"wp:attachment":[{"href":"https:\/\/archive.sana.sy\/tr\/index.php?rest_route=%2Fwp%2Fv2%2Fmedia&parent=21384"}],"wp:term":[{"taxonomy":"category","embeddable":true,"href":"https:\/\/archive.sana.sy\/tr\/index.php?rest_route=%2Fwp%2Fv2%2Fcategories&post=21384"},{"taxonomy":"post_tag","embeddable":true,"href":"https:\/\/archive.sana.sy\/tr\/index.php?rest_route=%2Fwp%2Fv2%2Ftags&post=21384"}],"curies":[{"name":"wp","href":"https:\/\/api.w.org\/{rel}","templated":true}]}}