{"id":213850,"date":"2020-07-13T11:56:53","date_gmt":"2020-07-13T08:56:53","guid":{"rendered":"http:\/\/www.sana.sy\/tr\/?p=213850"},"modified":"2020-07-14T10:37:18","modified_gmt":"2020-07-14T07:37:18","slug":"sb-23-yeni-korona-virus-vakasi-10-sifa-ve-3-vefat-vakasi","status":"publish","type":"post","link":"https:\/\/archive.sana.sy\/tr\/?p=213850","title":{"rendered":"SB: 23 Yeni Korona Vir\u00fcs Vakas\u0131 10 \u015eifa ve 3 Vefat Vakas\u0131"},"content":{"rendered":"<p>\u015eam \u2013 Sa\u011fl\u0131k Bakanl\u0131\u011f\u0131 bug\u00fcn temas halinde olan \u015fah\u0131slarda 23 korona vir\u00fcs vakas\u0131n\u0131n tescil edildi\u011fini, Suriye\u2019de tescil edilen vakalardan 10\u2019nun \u015fifa buldu\u011funu 3 vakan\u0131n da vefat etti\u011fini ilan etti.<\/p>\n<p>Bakanl\u0131k yay\u0131nlad\u0131\u011f\u0131 beyanda, Suriye\u2019de bug\u00fcne kadar tescil edilen korona vir\u00fcs vakalar\u0131 bilan\u00e7osunun 417 vakaya vard\u0131\u011f\u0131n\u0131 bunlardan 136\u2019s\u0131n\u0131n \u015fifa buldu\u011funa 19\u2019unun da vefat etti\u011fine i\u015faret etti.<\/p>\n","protected":false},"excerpt":{"rendered":"<p>\u015eam \u2013 Sa\u011fl\u0131k Bakanl\u0131\u011f\u0131 bug\u00fcn temas halinde olan \u015fah\u0131slarda 23 korona vir\u00fcs vakas\u0131n\u0131n tescil edildi\u011fini, Suriye\u2019de tescil edilen vakalardan 10\u2019nun \u015fifa buldu\u011funu 3 vakan\u0131n da vefat etti\u011fini ilan etti. Bakanl\u0131k yay\u0131nlad\u0131\u011f\u0131 beyanda, Suriye\u2019de bug\u00fcne kadar tescil edilen korona vir\u00fcs vakalar\u0131 bilan\u00e7osunun 417 vakaya vard\u0131\u011f\u0131n\u0131 bunlardan 136\u2019s\u0131n\u0131n \u015fifa buldu\u011funa 19\u2019unun da vefat etti\u011fine i\u015faret etti.<\/p>\n","protected":false},"author":1,"featured_media":213853,"comment_status":"closed","ping_status":"closed","sticky":false,"template":"","format":"standard","meta":{"footnotes":""},"categories":[526,479,17988,525,478],"tags":[],"class_list":["post-213850","post","type-post","status-publish","format-standard","has-post-thumbnail","","category-haber-ve-raporlar","category-haberler-yerel","category-son-haberler","category-toplum","category-yerel"],"_links":{"self":[{"href":"https:\/\/archive.sana.sy\/tr\/index.php?rest_route=\/wp\/v2\/posts\/213850","targetHints":{"allow":["GET"]}}],"collection":[{"href":"https:\/\/archive.sana.sy\/tr\/index.php?rest_route=\/wp\/v2\/posts"}],"about":[{"href":"https:\/\/archive.sana.sy\/tr\/index.php?rest_route=\/wp\/v2\/types\/post"}],"author":[{"embeddable":true,"href":"https:\/\/archive.sana.sy\/tr\/index.php?rest_route=\/wp\/v2\/users\/1"}],"replies":[{"embeddable":true,"href":"https:\/\/archive.sana.sy\/tr\/index.php?rest_route=%2Fwp%2Fv2%2Fcomments&post=213850"}],"version-history":[{"count":0,"href":"https:\/\/archive.sana.sy\/tr\/index.php?rest_route=\/wp\/v2\/posts\/213850\/revisions"}],"wp:featuredmedia":[{"embeddable":true,"href":"https:\/\/archive.sana.sy\/tr\/index.php?rest_route=\/wp\/v2\/media\/213853"}],"wp:attachment":[{"href":"https:\/\/archive.sana.sy\/tr\/index.php?rest_route=%2Fwp%2Fv2%2Fmedia&parent=213850"}],"wp:term":[{"taxonomy":"category","embeddable":true,"href":"https:\/\/archive.sana.sy\/tr\/index.php?rest_route=%2Fwp%2Fv2%2Fcategories&post=213850"},{"taxonomy":"post_tag","embeddable":true,"href":"https:\/\/archive.sana.sy\/tr\/index.php?rest_route=%2Fwp%2Fv2%2Ftags&post=213850"}],"curies":[{"name":"wp","href":"https:\/\/api.w.org\/{rel}","templated":true}]}}