{"id":21387,"date":"2015-01-20T15:33:11","date_gmt":"2015-01-20T13:33:11","guid":{"rendered":"http:\/\/www.sana.sy\/tr\/?p=21387"},"modified":"2015-01-20T15:33:11","modified_gmt":"2015-01-20T13:33:11","slug":"ikili-iliskiler-sadece-ticaret-hacminde-kalmamalidir","status":"publish","type":"post","link":"https:\/\/archive.sana.sy\/tr\/?p=21387","title":{"rendered":"\u0130kili \u0130li\u015fkiler Sadece Ticaret Hacminde Kalmamal\u0131d\u0131r"},"content":{"rendered":"<p>\u015eAM \u2013 Ekonomi ve D\u0131\u015f Ticaret Bakan\u0131 Humam el Cezairi bug\u00fcn Ermenistan Cumhuriyetinin \u015eam B\u00fcy\u00fckel\u00e7isi Arshak Poladian ile iki \u00fclke aras\u0131ndaki ekonomik ili\u015fkiler ve ortak yat\u0131r\u0131mlar\u0131 peki\u015ftirme olanaklar\u0131n\u0131 masaya yat\u0131rd\u0131.<\/p>\n<p>\u0130ki \u00fclke aras\u0131ndaki ili\u015fkilerin sadece ticaret hacminde s\u0131n\u0131rl\u0131 kalmamas\u0131 gerekti\u011finin alt\u0131n\u0131 \u00e7izen Cezairi; Suriye&#8217;de ortak yat\u0131r\u0131mlar\u0131 da kapsamas\u0131 gerekti\u011fini, bu yat\u0131r\u0131mlar\u0131n da peki\u015ftirilmesi \u00f6nemini ifade etti.<br \/>\nBakan Cezairi Suriye Ermenistan Karma \u0130\u015f Konseyinin ikili ili\u015fkilerin geli\u015ftirilmesindeki rol\u00fcne dikkat \u00e7ekerken, bakanl\u0131\u011f\u0131n konseyin bu y\u00f6ndeki \u00e7al\u0131\u015fmalar\u0131n\u0131 destekleme ve kar\u015f\u0131la\u015ft\u0131\u011f\u0131 zorluklar\u0131 kald\u0131rmaya haz\u0131r oldu\u011funu s\u00f6yledi.<\/p>\n<p>Bakan Cezairi Suriye&#8217;nin; Ermenistan&#8217;\u0131n bu y\u0131l\u0131n ba\u015flar\u0131nda \u00fcyesi oldu\u011fu Avro-Asya G\u00fcmr\u00fck Birli\u011fine kat\u0131lma arzusunu ifade etti.<\/p>\n<p>G\u00f6r\u00fc\u015fmede Suriye ve Ermenistan aras\u0131ndaki ili\u015fkilerin son 10 y\u0131l i\u00e7inde tan\u0131k oldu\u011fu b\u00fcy\u00fck geli\u015fmeye dikkat \u00e7eken Poladian; fakat kriz s\u00fcresinde bu ili\u015fkilerin geriledi\u011fini, \u00fclkesinin de bundan \u00fcz\u00fcnt\u00fc duydu\u011funu dile getirdi.<\/p>\n<p>Poladian Suriye&#8217;de ya\u015fayan \u00e7ok say\u0131da Ermeni vatanda\u015f\u0131n zor ko\u015fullara ra\u011fmen Suriye&#8217;de kalma ve Suriye&#8217;yi desteklemeyi tercih ettiklerine i\u015faret etti.<\/p>\n","protected":false},"excerpt":{"rendered":"<p>\u015eAM \u2013 Ekonomi ve D\u0131\u015f Ticaret Bakan\u0131 Humam el Cezairi bug\u00fcn Ermenistan Cumhuriyetinin \u015eam B\u00fcy\u00fckel\u00e7isi Arshak Poladian ile iki \u00fclke aras\u0131ndaki ekonomik ili\u015fkiler ve ortak yat\u0131r\u0131mlar\u0131 peki\u015ftirme olanaklar\u0131n\u0131 masaya yat\u0131rd\u0131. \u0130ki \u00fclke aras\u0131ndaki ili\u015fkilerin sadece ticaret hacminde s\u0131n\u0131rl\u0131 kalmamas\u0131 gerekti\u011finin alt\u0131n\u0131 \u00e7izen Cezairi; Suriye&#8217;de ortak yat\u0131r\u0131mlar\u0131 da kapsamas\u0131 gerekti\u011fini, bu yat\u0131r\u0131mlar\u0131n da peki\u015ftirilmesi \u00f6nemini ifade &hellip;<\/p>\n","protected":false},"author":1,"featured_media":21388,"comment_status":"closed","ping_status":"closed","sticky":false,"template":"","format":"standard","meta":{"footnotes":""},"categories":[485,486],"tags":[10402,10401,10400,10403],"class_list":["post-21387","post","type-post","status-publish","format-standard","has-post-thumbnail","","category-is-ve-sermaye","category-haberler-is-ve-sermaye","tag-bakanligin-konseyin-bu-yondeki-calismalarini-destekleme-ve-karsilastigi-zorluklari-kaldirmaya-hazir-oldugunu-soyledi-bakan-cezairi-suriyenin-ermenistanin-bu-yilin-baslarinda-uyesi-oldugu-avro-asya","tag-bu-yatirimlarin-da-pekistirilmesi-onemini-ifade-etti-bakan-cezairi-suriye-ermenistan-karma-is-konseyinin-ikili-iliskilerin-gelistirilmesindeki-rolune-dikkat-cekerken","tag-ikili-iliskiler-sadece-ticaret-hacminde-kalmamalidir-sam-ekonomi-ve-dis-ticaret-bakani-humam-el-cezairi-bugun-ermenistan-cumhuriyetinin-sam-buyukelcisi-arshak-poladian-ile-iki-ulke-arasindak","tag-ulkesinin-de-bundan-uzuntu-duydugunu-dile-getirdi-poladian-suriyede-yasayan-cok-sayida-ermeni-vatandasin-zor-kosullara-ragmen-suriyede-kalma-ve-suriyeyi-desteklemeyi-tercih-ettiklerine-isaret-etti"],"_links":{"self":[{"href":"https:\/\/archive.sana.sy\/tr\/index.php?rest_route=\/wp\/v2\/posts\/21387","targetHints":{"allow":["GET"]}}],"collection":[{"href":"https:\/\/archive.sana.sy\/tr\/index.php?rest_route=\/wp\/v2\/posts"}],"about":[{"href":"https:\/\/archive.sana.sy\/tr\/index.php?rest_route=\/wp\/v2\/types\/post"}],"author":[{"embeddable":true,"href":"https:\/\/archive.sana.sy\/tr\/index.php?rest_route=\/wp\/v2\/users\/1"}],"replies":[{"embeddable":true,"href":"https:\/\/archive.sana.sy\/tr\/index.php?rest_route=%2Fwp%2Fv2%2Fcomments&post=21387"}],"version-history":[{"count":0,"href":"https:\/\/archive.sana.sy\/tr\/index.php?rest_route=\/wp\/v2\/posts\/21387\/revisions"}],"wp:featuredmedia":[{"embeddable":true,"href":"https:\/\/archive.sana.sy\/tr\/index.php?rest_route=\/wp\/v2\/media\/21388"}],"wp:attachment":[{"href":"https:\/\/archive.sana.sy\/tr\/index.php?rest_route=%2Fwp%2Fv2%2Fmedia&parent=21387"}],"wp:term":[{"taxonomy":"category","embeddable":true,"href":"https:\/\/archive.sana.sy\/tr\/index.php?rest_route=%2Fwp%2Fv2%2Fcategories&post=21387"},{"taxonomy":"post_tag","embeddable":true,"href":"https:\/\/archive.sana.sy\/tr\/index.php?rest_route=%2Fwp%2Fv2%2Ftags&post=21387"}],"curies":[{"name":"wp","href":"https:\/\/api.w.org\/{rel}","templated":true}]}}