{"id":21390,"date":"2015-01-20T15:45:59","date_gmt":"2015-01-20T13:45:59","guid":{"rendered":"http:\/\/www.sana.sy\/tr\/?p=21390"},"modified":"2015-01-20T15:45:59","modified_gmt":"2015-01-20T13:45:59","slug":"israilin-terore-destegi-ve-bolge-devletlerinin-yasadigi-olaylarda-parmagi-asikardir","status":"publish","type":"post","link":"https:\/\/archive.sana.sy\/tr\/?p=21390","title":{"rendered":"\u0130srail&#8217;in Ter\u00f6re Deste\u011fi ve B\u00f6lge Devletlerinin Ya\u015fad\u0131\u011f\u0131 Olaylarda Parma\u011f\u0131 A\u015fikard\u0131r"},"content":{"rendered":"<p>TAHRAN \u2013 \u0130ran \u015eura Meclisi Ba\u015fkan\u0131 Ali Laricani; i\u015fgalci d\u00fc\u015fman \u0130srail&#8217;in izledi\u011fi ter\u00f6rist tutumlar\u0131n\u0131n \u00f6zellikle Suriye ve Irak ba\u015fta olmak \u00fczere b\u00f6lge devletlerinin daha fazla tehlikeye maruz kalmaya yol a\u00e7t\u0131\u011f\u0131n\u0131 vurgulad\u0131.<\/p>\n<p>Laricani bug\u00fcn yapt\u0131\u011f\u0131 a\u00e7\u0131klamada ter\u00f6rist \u0130srail&#8217;in b\u00f6lge ve halklar\u0131n\u0131 hedef alan ter\u00f6re deste\u011finin art\u0131k a\u015fikar oldu\u011funu ve herkes taraf\u0131ndan net olarak g\u00f6r\u00fcld\u00fc\u011f\u00fcne dikkat \u00e7ekti.<\/p>\n<p>\u0130slam \u00dclkeleri Parlamentolar\u0131 Birli\u011finin \u00e7al\u0131\u015fmalar\u0131na kat\u0131lmak amac\u0131yla yak\u0131n bvir s\u00fcrede T\u00fcrkiye&#8217;ye bulunaca\u011f\u0131 ziyaretine i\u015faret eden Laricani; \u00fclkesinin \u0130slam aleminin maruz kald\u0131\u011f\u0131 ter\u00f6re kar\u015f\u0131 m\u00fccadelesi \u00e7er\u00e7evesinde ziyaretinde bu konuya a\u011f\u0131rl\u0131k verece\u011fini ifade etti.<\/p>\n","protected":false},"excerpt":{"rendered":"<p>TAHRAN \u2013 \u0130ran \u015eura Meclisi Ba\u015fkan\u0131 Ali Laricani; i\u015fgalci d\u00fc\u015fman \u0130srail&#8217;in izledi\u011fi ter\u00f6rist tutumlar\u0131n\u0131n \u00f6zellikle Suriye ve Irak ba\u015fta olmak \u00fczere b\u00f6lge devletlerinin daha fazla tehlikeye maruz kalmaya yol a\u00e7t\u0131\u011f\u0131n\u0131 vurgulad\u0131. Laricani bug\u00fcn yapt\u0131\u011f\u0131 a\u00e7\u0131klamada ter\u00f6rist \u0130srail&#8217;in b\u00f6lge ve halklar\u0131n\u0131 hedef alan ter\u00f6re deste\u011finin art\u0131k a\u015fikar oldu\u011funu ve herkes taraf\u0131ndan net olarak g\u00f6r\u00fcld\u00fc\u011f\u00fcne dikkat \u00e7ekti. &hellip;<\/p>\n","protected":false},"author":1,"featured_media":21391,"comment_status":"closed","ping_status":"closed","sticky":false,"template":"","format":"standard","meta":{"footnotes":""},"categories":[458,459,447],"tags":[10404],"class_list":["post-21390","post","type-post","status-publish","format-standard","has-post-thumbnail","","category-dunya1","category-haberler-arap-uluslararasi-politika","category-politika","tag-israilin-terore-destegi-ve-bolge-devletlerinin-yasadigi-olaylarda-parmagi-asikardir-tahran-iran-sura-meclisi-baskani-ali-laricani-isgalci-dusman-israilin-izledigi-terorist-tutumlarinin-oz"],"_links":{"self":[{"href":"https:\/\/archive.sana.sy\/tr\/index.php?rest_route=\/wp\/v2\/posts\/21390","targetHints":{"allow":["GET"]}}],"collection":[{"href":"https:\/\/archive.sana.sy\/tr\/index.php?rest_route=\/wp\/v2\/posts"}],"about":[{"href":"https:\/\/archive.sana.sy\/tr\/index.php?rest_route=\/wp\/v2\/types\/post"}],"author":[{"embeddable":true,"href":"https:\/\/archive.sana.sy\/tr\/index.php?rest_route=\/wp\/v2\/users\/1"}],"replies":[{"embeddable":true,"href":"https:\/\/archive.sana.sy\/tr\/index.php?rest_route=%2Fwp%2Fv2%2Fcomments&post=21390"}],"version-history":[{"count":0,"href":"https:\/\/archive.sana.sy\/tr\/index.php?rest_route=\/wp\/v2\/posts\/21390\/revisions"}],"wp:featuredmedia":[{"embeddable":true,"href":"https:\/\/archive.sana.sy\/tr\/index.php?rest_route=\/wp\/v2\/media\/21391"}],"wp:attachment":[{"href":"https:\/\/archive.sana.sy\/tr\/index.php?rest_route=%2Fwp%2Fv2%2Fmedia&parent=21390"}],"wp:term":[{"taxonomy":"category","embeddable":true,"href":"https:\/\/archive.sana.sy\/tr\/index.php?rest_route=%2Fwp%2Fv2%2Fcategories&post=21390"},{"taxonomy":"post_tag","embeddable":true,"href":"https:\/\/archive.sana.sy\/tr\/index.php?rest_route=%2Fwp%2Fv2%2Ftags&post=21390"}],"curies":[{"name":"wp","href":"https:\/\/api.w.org\/{rel}","templated":true}]}}