{"id":21396,"date":"2015-01-20T17:27:23","date_gmt":"2015-01-20T15:27:23","guid":{"rendered":"http:\/\/www.sana.sy\/tr\/?p=21396"},"modified":"2015-01-20T17:27:23","modified_gmt":"2015-01-20T15:27:23","slug":"hasekede-askeri-bir-kaynak-ordu-birliklerimizin-il-kirsalinin-tel-hamis-bolgesinin-guneyine-dusen-hansa-koyunde-isid-cetelerinden-onlarca-teroristi-olu-yarali-dusurduklerini-belirtti","status":"publish","type":"post","link":"https:\/\/archive.sana.sy\/tr\/?p=21396","title":{"rendered":"Haseke\u2019de askeri bir kaynak ordu birliklerimizin il k\u0131rsal\u0131n\u0131n Tel hamis B\u00f6lgesinin g\u00fcneyine d\u00fc\u015fen Hansa K\u00f6y\u00fcnde I\u015e\u0130D \u00e7etelerinden onlarca ter\u00f6risti \u00f6l\u00fc yaral\u0131 d\u00fc\u015f\u00fcrd\u00fcklerini belirtti."},"content":{"rendered":"<p>Haseke\u2019de askeri bir kaynak ordu birliklerimizin il k\u0131rsal\u0131n\u0131n Tel hamis B\u00f6lgesinin g\u00fcneyine d\u00fc\u015fen Hansa K\u00f6y\u00fcnde I\u015e\u0130D \u00e7etelerinden onlarca ter\u00f6risti \u00f6l\u00fc yaral\u0131 d\u00fc\u015f\u00fcrd\u00fcklerini belirtti.<\/p>\n","protected":false},"excerpt":{"rendered":"<p>Haseke\u2019de askeri bir kaynak ordu birliklerimizin il k\u0131rsal\u0131n\u0131n Tel hamis B\u00f6lgesinin g\u00fcneyine d\u00fc\u015fen Hansa K\u00f6y\u00fcnde I\u015e\u0130D \u00e7etelerinden onlarca ter\u00f6risti \u00f6l\u00fc yaral\u0131 d\u00fc\u015f\u00fcrd\u00fcklerini belirtti.<\/p>\n","protected":false},"author":1,"featured_media":0,"comment_status":"closed","ping_status":"closed","sticky":false,"template":"","format":"standard","meta":{"footnotes":""},"categories":[1],"tags":[10407],"class_list":["post-21396","post","type-post","status-publish","format-standard","","category-news-not-sorted","tag-hasekede-askeri-bir-kaynak-ordu-birliklerimizin-il-kirsalinin-tel-hamis-bolgesinin-guneyine-dusen-hansa-koyunde-isid-cetelerinden-onlarca-teroristi-olu-yarali-dusurduklerini-belirtti"],"_links":{"self":[{"href":"https:\/\/archive.sana.sy\/tr\/index.php?rest_route=\/wp\/v2\/posts\/21396","targetHints":{"allow":["GET"]}}],"collection":[{"href":"https:\/\/archive.sana.sy\/tr\/index.php?rest_route=\/wp\/v2\/posts"}],"about":[{"href":"https:\/\/archive.sana.sy\/tr\/index.php?rest_route=\/wp\/v2\/types\/post"}],"author":[{"embeddable":true,"href":"https:\/\/archive.sana.sy\/tr\/index.php?rest_route=\/wp\/v2\/users\/1"}],"replies":[{"embeddable":true,"href":"https:\/\/archive.sana.sy\/tr\/index.php?rest_route=%2Fwp%2Fv2%2Fcomments&post=21396"}],"version-history":[{"count":0,"href":"https:\/\/archive.sana.sy\/tr\/index.php?rest_route=\/wp\/v2\/posts\/21396\/revisions"}],"wp:attachment":[{"href":"https:\/\/archive.sana.sy\/tr\/index.php?rest_route=%2Fwp%2Fv2%2Fmedia&parent=21396"}],"wp:term":[{"taxonomy":"category","embeddable":true,"href":"https:\/\/archive.sana.sy\/tr\/index.php?rest_route=%2Fwp%2Fv2%2Fcategories&post=21396"},{"taxonomy":"post_tag","embeddable":true,"href":"https:\/\/archive.sana.sy\/tr\/index.php?rest_route=%2Fwp%2Fv2%2Ftags&post=21396"}],"curies":[{"name":"wp","href":"https:\/\/api.w.org\/{rel}","templated":true}]}}