{"id":21398,"date":"2015-01-20T20:25:18","date_gmt":"2015-01-20T18:25:18","guid":{"rendered":"http:\/\/www.sana.sy\/tr\/?p=21398"},"modified":"2015-01-21T13:27:20","modified_gmt":"2015-01-21T11:27:20","slug":"ulkenin-genelinde-suren-operasyonlarda-terore-buyuk-kayiplar-verdirildi","status":"publish","type":"post","link":"https:\/\/archive.sana.sy\/tr\/?p=21398","title":{"rendered":"\u00dclkenin Genelinde S\u00fcren Operasyonlarda Ter\u00f6re B\u00fcy\u00fck Kay\u0131plar Verdirildi"},"content":{"rendered":"<p>\u0130LLER \u2013 \u00dclkenin d\u00f6rt bir yan\u0131nda silahl\u0131 ter\u00f6r gruplar\u0131na kar\u015f\u0131 m\u00fccadelelerini s\u00fcrd\u00fcren kahraman birliklerimiz bug\u00fcn de d\u00fczenledikleri operasyonlar kapsam\u0131nda ter\u00f6ristlere b\u00fcy\u00fck be\u015feri ve lojistik kay\u0131plar verdirdiler.<\/p>\n<p><span style=\"color: #0000ff\">Haseke K\u0131rsal\u0131nda I\u015e\u0130D\u2019li Onlarca Ter\u00f6rist \u00d6ld\u00fcr\u00fcld\u00fc<\/span><\/p>\n<p>Haseke\u2019de askeri bir kaynak ordu birliklerimizin il k\u0131rsal\u0131n\u0131n Tel hamis B\u00f6lgesinin g\u00fcneyine d\u00fc\u015fen Hansa K\u00f6y\u00fcnde I\u015e\u0130D \u00e7etelerinden onlarca ter\u00f6risti \u00f6l\u00fc yaral\u0131 d\u00fc\u015f\u00fcrd\u00fcklerini belirtti.<\/p>\n<p><span style=\"color: #0000ff\">Hama K\u0131rsal\u0131nda Ara\u00e7 ve Cephaneleriyle Etkisizle\u015ftirildiler<\/span><\/p>\n<p>Hama k\u0131rsal\u0131nda ise ordu birliklerimiz Orta Kastal, G\u00fcney Kastal, Ebu Cbeylat, Latamina ve Zake b\u00f6lgelerinde tekfirci ve hain ter\u00f6r \u00e7etelerin mevki ve ara\u00e7lar\u0131n\u0131 imha etti.<\/p>\n<p>Saha kaynaklar\u0131 operasyonlarda onlarca ter\u00f6ristin kulland\u0131klar\u0131 a\u011f\u0131r makineli silahlarla donat\u0131lm\u0131\u015f bir\u00e7ok ara\u00e7la birlikte etkisizle\u015ftirildiklerini belirtti.<\/p>\n<p><span style=\"color: #0000ff\">Dera K\u0131rsal\u0131nda \u0130srail Destekli Ter\u00f6ristlerin Kay\u0131plar\u0131 S\u00fcr\u00fcyor<\/span><\/p>\n<p>Di\u011fer yandan ordu birliklerimiz Dera k\u0131rsal\u0131n\u0131n muhtelif b\u00f6lgelerinde \u0130srail\u2019den direk destek alan tekfirci ve hain ter\u00f6r \u00e7eteleri a\u011f\u0131r kay\u0131plara u\u011fratmaya devam ediyor.<\/p>\n<p>Askeri kaynak ordu birliklerimizin Dera Beled ve Mahatta b\u00f6lgelerine ilaveten k\u0131rsala d\u00fc\u015fen \u015eeyh Miskin, Hirak, Tel Msayyih, Deyr el Ades, Busra el \u015eam, Etman, Enhil ve Yaduda b\u00f6lgelerinde aralar\u0131nda yabanc\u0131lar\u0131n bulundu\u011fu y\u00fcksek say\u0131da ter\u00f6risti etkisizle\u015ftirdiklerini aktard\u0131.<\/p>\n<p><span style=\"color: #0000ff\">Deyrezzor\u2019da I\u015e\u0130D Mevkileri Muhtevalar\u0131yla \u0130mha Ediliyor<\/span><\/p>\n<p>Bu arada saha kaynaklar\u0131 ordu birliklerimizin Deyrezzor\u2019da askeri havaliman\u0131 ve Mureyiye b\u00f6lgelerinde I\u015e\u0130D mevkilerini muhtevalar\u0131yla imha ettiklerini belirtti. Kaynaklar operasyonlarda aralar\u0131nda tehlikeli ve yabanc\u0131lar\u0131n bulundu\u011fu onlarca ter\u00f6ristin \u00f6ld\u00fcr\u00fcld\u00fc\u011f\u00fcn\u00fc belirtti.<\/p>\n","protected":false},"excerpt":{"rendered":"<p>\u0130LLER \u2013 \u00dclkenin d\u00f6rt bir yan\u0131nda silahl\u0131 ter\u00f6r gruplar\u0131na kar\u015f\u0131 m\u00fccadelelerini s\u00fcrd\u00fcren kahraman birliklerimiz bug\u00fcn de d\u00fczenledikleri operasyonlar kapsam\u0131nda ter\u00f6ristlere b\u00fcy\u00fck be\u015feri ve lojistik kay\u0131plar verdirdiler. Haseke K\u0131rsal\u0131nda I\u015e\u0130D\u2019li Onlarca Ter\u00f6rist \u00d6ld\u00fcr\u00fcld\u00fc Haseke\u2019de askeri bir kaynak ordu birliklerimizin il k\u0131rsal\u0131n\u0131n Tel hamis B\u00f6lgesinin g\u00fcneyine d\u00fc\u015fen Hansa K\u00f6y\u00fcnde I\u015e\u0130D \u00e7etelerinden onlarca ter\u00f6risti \u00f6l\u00fc yaral\u0131 d\u00fc\u015f\u00fcrd\u00fcklerini belirtti. &hellip;<\/p>\n","protected":false},"author":1,"featured_media":11682,"comment_status":"closed","ping_status":"closed","sticky":false,"template":"","format":"standard","meta":{"footnotes":""},"categories":[575],"tags":[3332,3000,10409,10413,6222,8295,10411,10410,10412,10408],"class_list":["post-21398","post","type-post","status-publish","format-standard","has-post-thumbnail","","category-olaylar-ve-gercekler","tag-busra-el-sam","tag-deyr-el-ades","tag-ebu-cbeylat","tag-enhil-ve-yaduda-bolgelerinde-aralarinda-yabancilarin-bulundugu-yuksek-sayida-teroristi-etkisizlestirdiklerini-aktardi-deyrezzorda-isid-mevkileri-muhtevalariyla-imha-ediliyor-bu-arada-saha-ka","tag-etman","tag-guney-kastal","tag-hirak","tag-latamina-ve-zake-bolgelerinde-tekfirci-ve-hain-teror-cetelerin-mevki-ve-araclarini-imha-etti-saha-kaynaklari-operasyonlarda-onlarca-teroristin-kullandiklari-agir-makineli-silahlarla-donatilmis-bircok","tag-tel-msayyih","tag-ulkenin-genelinde-suren-operasyonlarda-terore-buyuk-kayiplar-verdirildi-iller-ulkenin-dort-bir-yaninda-silahli-teror-gruplarina-karsi-mucadelelerini-surduren-kahraman-birliklerimiz-bugun-de"],"_links":{"self":[{"href":"https:\/\/archive.sana.sy\/tr\/index.php?rest_route=\/wp\/v2\/posts\/21398","targetHints":{"allow":["GET"]}}],"collection":[{"href":"https:\/\/archive.sana.sy\/tr\/index.php?rest_route=\/wp\/v2\/posts"}],"about":[{"href":"https:\/\/archive.sana.sy\/tr\/index.php?rest_route=\/wp\/v2\/types\/post"}],"author":[{"embeddable":true,"href":"https:\/\/archive.sana.sy\/tr\/index.php?rest_route=\/wp\/v2\/users\/1"}],"replies":[{"embeddable":true,"href":"https:\/\/archive.sana.sy\/tr\/index.php?rest_route=%2Fwp%2Fv2%2Fcomments&post=21398"}],"version-history":[{"count":0,"href":"https:\/\/archive.sana.sy\/tr\/index.php?rest_route=\/wp\/v2\/posts\/21398\/revisions"}],"wp:featuredmedia":[{"embeddable":true,"href":"https:\/\/archive.sana.sy\/tr\/index.php?rest_route=\/wp\/v2\/media\/11682"}],"wp:attachment":[{"href":"https:\/\/archive.sana.sy\/tr\/index.php?rest_route=%2Fwp%2Fv2%2Fmedia&parent=21398"}],"wp:term":[{"taxonomy":"category","embeddable":true,"href":"https:\/\/archive.sana.sy\/tr\/index.php?rest_route=%2Fwp%2Fv2%2Fcategories&post=21398"},{"taxonomy":"post_tag","embeddable":true,"href":"https:\/\/archive.sana.sy\/tr\/index.php?rest_route=%2Fwp%2Fv2%2Ftags&post=21398"}],"curies":[{"name":"wp","href":"https:\/\/api.w.org\/{rel}","templated":true}]}}