{"id":213992,"date":"2020-07-15T18:16:06","date_gmt":"2020-07-15T15:16:06","guid":{"rendered":"http:\/\/www.sana.sy\/tr\/?p=213992"},"modified":"2020-07-15T18:16:06","modified_gmt":"2020-07-15T15:16:06","slug":"saglik-bakanligi-tescil-edilen-koronavirus-vakalarindan-biri-vefat-ederek-koronavirusten-vefat-sayisi-toplam-22e-yukseldi","status":"publish","type":"post","link":"https:\/\/archive.sana.sy\/tr\/?p=213992","title":{"rendered":"Sa\u011fl\u0131k Bakanl\u0131\u011f\u0131: Tescil edilen koronavir\u00fcs vakalar\u0131ndan biri vefat ederek koronavir\u00fcsten vefat say\u0131s\u0131 toplam 22\u2019e y\u00fckseldi"},"content":{"rendered":"<p>Sa\u011fl\u0131k Bakanl\u0131\u011f\u0131: Tescil edilen koronavir\u00fcs vakalar\u0131ndan biri vefat ederek koronavir\u00fcsten vefat say\u0131s\u0131 toplam 22\u2019e y\u00fckseldi<\/p>\n","protected":false},"excerpt":{"rendered":"<p>Sa\u011fl\u0131k Bakanl\u0131\u011f\u0131: Tescil edilen koronavir\u00fcs vakalar\u0131ndan biri vefat ederek koronavir\u00fcsten vefat say\u0131s\u0131 toplam 22\u2019e y\u00fckseldi<\/p>\n","protected":false},"author":1,"featured_media":0,"comment_status":"closed","ping_status":"closed","sticky":false,"template":"","format":"standard","meta":{"footnotes":""},"categories":[17991],"tags":[],"class_list":["post-213992","post","type-post","status-publish","format-standard","","category-son-dakika"],"_links":{"self":[{"href":"https:\/\/archive.sana.sy\/tr\/index.php?rest_route=\/wp\/v2\/posts\/213992","targetHints":{"allow":["GET"]}}],"collection":[{"href":"https:\/\/archive.sana.sy\/tr\/index.php?rest_route=\/wp\/v2\/posts"}],"about":[{"href":"https:\/\/archive.sana.sy\/tr\/index.php?rest_route=\/wp\/v2\/types\/post"}],"author":[{"embeddable":true,"href":"https:\/\/archive.sana.sy\/tr\/index.php?rest_route=\/wp\/v2\/users\/1"}],"replies":[{"embeddable":true,"href":"https:\/\/archive.sana.sy\/tr\/index.php?rest_route=%2Fwp%2Fv2%2Fcomments&post=213992"}],"version-history":[{"count":0,"href":"https:\/\/archive.sana.sy\/tr\/index.php?rest_route=\/wp\/v2\/posts\/213992\/revisions"}],"wp:attachment":[{"href":"https:\/\/archive.sana.sy\/tr\/index.php?rest_route=%2Fwp%2Fv2%2Fmedia&parent=213992"}],"wp:term":[{"taxonomy":"category","embeddable":true,"href":"https:\/\/archive.sana.sy\/tr\/index.php?rest_route=%2Fwp%2Fv2%2Fcategories&post=213992"},{"taxonomy":"post_tag","embeddable":true,"href":"https:\/\/archive.sana.sy\/tr\/index.php?rest_route=%2Fwp%2Fv2%2Ftags&post=213992"}],"curies":[{"name":"wp","href":"https:\/\/api.w.org\/{rel}","templated":true}]}}