{"id":214005,"date":"2020-07-15T18:36:02","date_gmt":"2020-07-15T15:36:02","guid":{"rendered":"http:\/\/www.sana.sy\/tr\/?p=214005"},"modified":"2020-07-16T18:03:47","modified_gmt":"2020-07-16T15:03:47","slug":"saglik-bakanligi-19-koronavirus-vakalari-tescil-edildi-bir-vaka-vefat-etti","status":"publish","type":"post","link":"https:\/\/archive.sana.sy\/tr\/?p=214005","title":{"rendered":"Sa\u011fl\u0131k Bakanl\u0131\u011f\u0131: Yeni 19 Koronavir\u00fcs Vakalar\u0131 Tescil Edildi.. Bir Vaka Vefat Etti.."},"content":{"rendered":"<p>\u015eAM \u2013 Sa\u011fl\u0131k Bakanl\u0131\u011f bug\u00fcn, Suriye\u2019de tescil edilen koronavir\u00fcs vakalardan birinin vefat etti\u011fini ve ayr\u0131ca yeni 19 vakan\u0131n tescil edildi\u011fini a\u00e7\u0131klad\u0131.<\/p>\n<p>Bakanl\u0131\u011f\u0131n yay\u0131nlad\u0131\u011f\u0131 ve SANA\u2019n\u0131n bir n\u00fcshas\u0131n\u0131 ald\u0131\u011f\u0131 beyanda; Suriye\u2019de bug\u00fcne kadar tescil edilen koronavir\u00fcs vakalar\u0131 say\u0131s\u0131n\u0131n 458\u2019e ula\u015ft\u0131\u011f\u0131n\u0131, 140 vakan\u0131n iyile\u015fti\u011fini ve 22 vakan\u0131n vefat etti\u011fini belirlendi.<\/p>\n<p>\u00c7eviri: P.M.<\/p>\n","protected":false},"excerpt":{"rendered":"<p>\u015eAM \u2013 Sa\u011fl\u0131k Bakanl\u0131\u011f bug\u00fcn, Suriye\u2019de tescil edilen koronavir\u00fcs vakalardan birinin vefat etti\u011fini ve ayr\u0131ca yeni 19 vakan\u0131n tescil edildi\u011fini a\u00e7\u0131klad\u0131. Bakanl\u0131\u011f\u0131n yay\u0131nlad\u0131\u011f\u0131 ve SANA\u2019n\u0131n bir n\u00fcshas\u0131n\u0131 ald\u0131\u011f\u0131 beyanda; Suriye\u2019de bug\u00fcne kadar tescil edilen koronavir\u00fcs vakalar\u0131 say\u0131s\u0131n\u0131n 458\u2019e ula\u015ft\u0131\u011f\u0131n\u0131, 140 vakan\u0131n iyile\u015fti\u011fini ve 22 vakan\u0131n vefat etti\u011fini belirlendi. \u00c7eviri: P.M.<\/p>\n","protected":false},"author":1,"featured_media":214010,"comment_status":"closed","ping_status":"closed","sticky":false,"template":"","format":"standard","meta":{"footnotes":""},"categories":[479,17988,478],"tags":[],"class_list":["post-214005","post","type-post","status-publish","format-standard","has-post-thumbnail","","category-haberler-yerel","category-son-haberler","category-yerel"],"_links":{"self":[{"href":"https:\/\/archive.sana.sy\/tr\/index.php?rest_route=\/wp\/v2\/posts\/214005","targetHints":{"allow":["GET"]}}],"collection":[{"href":"https:\/\/archive.sana.sy\/tr\/index.php?rest_route=\/wp\/v2\/posts"}],"about":[{"href":"https:\/\/archive.sana.sy\/tr\/index.php?rest_route=\/wp\/v2\/types\/post"}],"author":[{"embeddable":true,"href":"https:\/\/archive.sana.sy\/tr\/index.php?rest_route=\/wp\/v2\/users\/1"}],"replies":[{"embeddable":true,"href":"https:\/\/archive.sana.sy\/tr\/index.php?rest_route=%2Fwp%2Fv2%2Fcomments&post=214005"}],"version-history":[{"count":0,"href":"https:\/\/archive.sana.sy\/tr\/index.php?rest_route=\/wp\/v2\/posts\/214005\/revisions"}],"wp:featuredmedia":[{"embeddable":true,"href":"https:\/\/archive.sana.sy\/tr\/index.php?rest_route=\/wp\/v2\/media\/214010"}],"wp:attachment":[{"href":"https:\/\/archive.sana.sy\/tr\/index.php?rest_route=%2Fwp%2Fv2%2Fmedia&parent=214005"}],"wp:term":[{"taxonomy":"category","embeddable":true,"href":"https:\/\/archive.sana.sy\/tr\/index.php?rest_route=%2Fwp%2Fv2%2Fcategories&post=214005"},{"taxonomy":"post_tag","embeddable":true,"href":"https:\/\/archive.sana.sy\/tr\/index.php?rest_route=%2Fwp%2Fv2%2Ftags&post=214005"}],"curies":[{"name":"wp","href":"https:\/\/api.w.org\/{rel}","templated":true}]}}