{"id":214034,"date":"2020-07-16T13:59:13","date_gmt":"2020-07-16T10:59:13","guid":{"rendered":"http:\/\/www.sana.sy\/tr\/?p=214034"},"modified":"2020-07-18T14:56:25","modified_gmt":"2020-07-18T11:56:25","slug":"ebu-zuvel-koy-ahalisi-amerikan-ve-turk-isgali-ve-sezar-yasani-protesto-etti","status":"publish","type":"post","link":"https:\/\/archive.sana.sy\/tr\/?p=214034","title":{"rendered":"Ebu Zuvel K\u00f6y Ahalisi, Amerikan ve T\u00fcrk \u0130\u015fgali ve Sezar Yasan\u0131 Protesto Etti"},"content":{"rendered":"<p>HASEKE \u2013 Kam\u0131\u015fl\u0131 k\u0131rsal\u0131nda yer alan Ebu Zuvel k\u00f6y ahalisi, Amerikan ve T\u00fcrk i\u015fgalinin b\u00f6lgeden \u00e7\u0131kmas\u0131n\u0131 talep eden ve Suriye halk\u0131n\u0131 hedef alan Sezar yasas\u0131n\u0131 reddeden protesto g\u00f6sterisi d\u00fczenledi.<\/p>\n<p>G\u00f6stericiler, Suriye&#8217;ye uygulanan tek tarafl\u0131 zorlay\u0131c\u0131 yapt\u0131r\u0131mlar\u0131n\u0131 kald\u0131r\u0131lmas\u0131 \u00e7a\u011fr\u0131s\u0131nda bulunarak, Washington politikas\u0131n\u0131, Suriye halk\u0131na kar\u015f\u0131 uygulad\u0131\u011f\u0131 tek tarafl\u0131 yapt\u0131r\u0131mlar\u0131 ve Suriye\u2019deki baz\u0131 b\u00f6lgeleri i\u015fgal etmesini k\u0131namak i\u00e7in Amerikan bayra\u011f\u0131n\u0131 yakt\u0131lar.<\/p>\n<p>\u00c7eviri: M.Y ve S.S<\/p>\n<div id='gallery-1' class='gallery galleryid-214034 gallery-columns-1 gallery-size-full'><figure class='gallery-item'>\n\t\t\t<div class='gallery-icon landscape'>\n\t\t\t\t<a href='https:\/\/archive.sana.sy\/tr\/wp-content\/uploads\/2020\/07\/88-25.jpg'><img loading=\"lazy\" decoding=\"async\" width=\"660\" height=\"495\" src=\"https:\/\/archive.sana.sy\/tr\/wp-content\/uploads\/2020\/07\/88-25.jpg\" class=\"attachment-full size-full\" alt=\"\" srcset=\"https:\/\/archive.sana.sy\/tr\/wp-content\/uploads\/2020\/07\/88-25.jpg 660w, https:\/\/archive.sana.sy\/tr\/wp-content\/uploads\/2020\/07\/88-25-300x225.jpg 300w, https:\/\/archive.sana.sy\/tr\/wp-content\/uploads\/2020\/07\/88-25-150x113.jpg 150w\" sizes=\"auto, (max-width: 660px) 100vw, 660px\" \/><\/a>\n\t\t\t<\/div><\/figure>\n\t\t<\/div>\n\n","protected":false},"excerpt":{"rendered":"<p>HASEKE \u2013 Kam\u0131\u015fl\u0131 k\u0131rsal\u0131nda yer alan Ebu Zuvel k\u00f6y ahalisi, Amerikan ve T\u00fcrk i\u015fgalinin b\u00f6lgeden \u00e7\u0131kmas\u0131n\u0131 talep eden ve Suriye halk\u0131n\u0131 hedef alan Sezar yasas\u0131n\u0131 reddeden protesto g\u00f6sterisi d\u00fczenledi. G\u00f6stericiler, Suriye&#8217;ye uygulanan tek tarafl\u0131 zorlay\u0131c\u0131 yapt\u0131r\u0131mlar\u0131n\u0131 kald\u0131r\u0131lmas\u0131 \u00e7a\u011fr\u0131s\u0131nda bulunarak, Washington politikas\u0131n\u0131, Suriye halk\u0131na kar\u015f\u0131 uygulad\u0131\u011f\u0131 tek tarafl\u0131 yapt\u0131r\u0131mlar\u0131 ve Suriye\u2019deki baz\u0131 b\u00f6lgeleri i\u015fgal etmesini k\u0131namak &hellip;<\/p>\n","protected":false},"author":36,"featured_media":214035,"comment_status":"closed","ping_status":"closed","sticky":false,"template":"","format":"standard","meta":{"footnotes":""},"categories":[596,479,575,17988,478],"tags":[],"class_list":["post-214034","post","type-post","status-publish","format-standard","has-post-thumbnail","","category-fotografli-raporlar","category-haberler-yerel","category-olaylar-ve-gercekler","category-son-haberler","category-yerel"],"_links":{"self":[{"href":"https:\/\/archive.sana.sy\/tr\/index.php?rest_route=\/wp\/v2\/posts\/214034","targetHints":{"allow":["GET"]}}],"collection":[{"href":"https:\/\/archive.sana.sy\/tr\/index.php?rest_route=\/wp\/v2\/posts"}],"about":[{"href":"https:\/\/archive.sana.sy\/tr\/index.php?rest_route=\/wp\/v2\/types\/post"}],"author":[{"embeddable":true,"href":"https:\/\/archive.sana.sy\/tr\/index.php?rest_route=\/wp\/v2\/users\/36"}],"replies":[{"embeddable":true,"href":"https:\/\/archive.sana.sy\/tr\/index.php?rest_route=%2Fwp%2Fv2%2Fcomments&post=214034"}],"version-history":[{"count":0,"href":"https:\/\/archive.sana.sy\/tr\/index.php?rest_route=\/wp\/v2\/posts\/214034\/revisions"}],"wp:featuredmedia":[{"embeddable":true,"href":"https:\/\/archive.sana.sy\/tr\/index.php?rest_route=\/wp\/v2\/media\/214035"}],"wp:attachment":[{"href":"https:\/\/archive.sana.sy\/tr\/index.php?rest_route=%2Fwp%2Fv2%2Fmedia&parent=214034"}],"wp:term":[{"taxonomy":"category","embeddable":true,"href":"https:\/\/archive.sana.sy\/tr\/index.php?rest_route=%2Fwp%2Fv2%2Fcategories&post=214034"},{"taxonomy":"post_tag","embeddable":true,"href":"https:\/\/archive.sana.sy\/tr\/index.php?rest_route=%2Fwp%2Fv2%2Ftags&post=214034"}],"curies":[{"name":"wp","href":"https:\/\/api.w.org\/{rel}","templated":true}]}}