{"id":214042,"date":"2020-07-16T17:11:24","date_gmt":"2020-07-16T14:11:24","guid":{"rendered":"http:\/\/www.sana.sy\/tr\/?p=214042"},"modified":"2020-07-18T14:56:31","modified_gmt":"2020-07-18T11:56:31","slug":"suriye-ve-uluslararasi-kizilhac-ve-kizilay-dernekleri-federasyonu-arasinda-yeni-mutabakat-zapti-imzalandi","status":"publish","type":"post","link":"https:\/\/archive.sana.sy\/tr\/?p=214042","title":{"rendered":"Suriye, Uluslararas\u0131 K\u0131z\u0131lha\u00e7 ve K\u0131z\u0131lay Dernekleri Federasyonu Aras\u0131nda Yeni Mutabakat Zapt\u0131 \u0130mzaland\u0131 (V\u0130DEO)"},"content":{"rendered":"<p>\u015eAM \u2013 Suriye Uluslararas\u0131 K\u0131z\u0131lha\u00e7 ve K\u0131z\u0131lay Dernekleri Federasyonu ile bug\u00fcn, uluslararas\u0131 federasyonun Suriye Arap Cumhuriyeti&#8217;ndeki yasal stat\u00fcs\u00fc ile ilgili mutabakat zapt\u0131 imzalad\u0131.<\/p>\n<p><a href=\"http:\/\/www.sana.sy\/tr\/wp-content\/uploads\/2020\/07\/60-8.jpg\"><img loading=\"lazy\" decoding=\"async\" class=\"alignright size-medium wp-image-214044\" src=\"http:\/\/www.sana.sy\/tr\/wp-content\/uploads\/2020\/07\/60-8-300x190.jpg\" alt=\"\" width=\"300\" height=\"190\" srcset=\"https:\/\/archive.sana.sy\/tr\/wp-content\/uploads\/2020\/07\/60-8-300x190.jpg 300w, https:\/\/archive.sana.sy\/tr\/wp-content\/uploads\/2020\/07\/60-8-150x95.jpg 150w, https:\/\/archive.sana.sy\/tr\/wp-content\/uploads\/2020\/07\/60-8.jpg 660w\" sizes=\"auto, (max-width: 300px) 100vw, 300px\" \/><\/a>Mutabakat zapt\u0131, Suriye taraf\u0131ndan D\u0131\u015fi\u015fleri ve Gurbet\u00e7iler Bakan Yard\u0131mc\u0131s\u0131 Feysal el Mikdad, federasyon taraf\u0131ndan ise Orta Do\u011fu ve Kuzey Afrika\u2019da Uluslararas\u0131 K\u0131z\u0131lha\u00e7 ve K\u0131z\u0131lay Dernekleri Federasyon&#8217;nun B\u00f6lge M\u00fcd\u00fcr\u00fc Husam el \u015eerkavi imzalad\u0131lar.<\/p>\n<p>Mutabakat zapt\u0131n\u0131n imzalanmas\u0131 ard\u0131ndan D\u0131\u015fi\u015fleri ve Gurbet\u00e7iler Bakanl\u0131\u011f\u0131nda yap\u0131lan g\u00f6r\u00fc\u015fmede Mikdad; Uluslararas\u0131 K\u0131z\u0131lha\u00e7 ve K\u0131z\u0131lay Dernekleri Federasyon\u2019un Suriye\u2019de bulundu\u011fu insani \u00e7abalar ile ilgili \u015f\u00fckranlar\u0131n\u0131 ifade ederken Suriye ve Federasyon aras\u0131ndaki i\u015fbirli\u011fi g\u00fc\u00e7lendirme \u00f6nemine i\u015faret etti.<\/p>\n<p><img loading=\"lazy\" decoding=\"async\" class=\"alignright size-medium wp-image-214046\" src=\"http:\/\/www.sana.sy\/tr\/wp-content\/uploads\/2020\/07\/80-5-300x209.jpg\" alt=\"\" width=\"300\" height=\"209\" srcset=\"https:\/\/archive.sana.sy\/tr\/wp-content\/uploads\/2020\/07\/80-5-300x209.jpg 300w, https:\/\/archive.sana.sy\/tr\/wp-content\/uploads\/2020\/07\/80-5-150x104.jpg 150w, https:\/\/archive.sana.sy\/tr\/wp-content\/uploads\/2020\/07\/80-5.jpg 660w\" sizes=\"auto, (max-width: 300px) 100vw, 300px\" \/><\/p>\n<p>Ter\u00f6re kar\u015f\u0131 m\u00fccadelenin yan\u0131s\u0131ra ABD ve Bat\u0131 \u00fclkelerinin Suriye\u2019ye kar\u015f\u0131 uygulad\u0131klar\u0131 zorlay\u0131c\u0131 ekonomik tedbirlere kar\u015f\u0131 koyma konusunda Suriye\u2019nin olumlu ilerlemeyi kaydetti\u011fini i\u015faret eden Mikdad; Suriye halk\u0131n\u0131n \u00f6n\u00fcne \u00e7\u0131kan ya\u015fam ko\u015fullar\u0131n\u0131 hafifletmek i\u00e7in insani yard\u0131mlar takdim etme \u00e7er\u00e7evesinde Suriye K\u0131z\u0131al \u00d6rg\u00fct\u00fcn\u00fcn bulundu\u011fu \u00f6nemli r\u00f6l\u00fcne i\u015faret etti.<\/p>\n<p>\u00d6te yandan \u015eerkavi; Suriye\u2019de bulundu\u011fu i\u00e7in memnuniyetlerini ifade ederken yeni anla\u015fmas\u0131yla Suriye\u2019ye verilen deste\u011fin art\u0131k daha h\u0131zl\u0131 ve kolay yollar\u0131yla \u00a0ger\u00e7ekle\u015ftirilece\u011fine i\u015faret etti.<\/p>\n<p><img loading=\"lazy\" decoding=\"async\" class=\"alignright size-medium wp-image-214045\" src=\"http:\/\/www.sana.sy\/tr\/wp-content\/uploads\/2020\/07\/70-8-300x200.jpg\" alt=\"\" width=\"300\" height=\"200\" srcset=\"https:\/\/archive.sana.sy\/tr\/wp-content\/uploads\/2020\/07\/70-8-300x200.jpg 300w, https:\/\/archive.sana.sy\/tr\/wp-content\/uploads\/2020\/07\/70-8-150x100.jpg 150w, https:\/\/archive.sana.sy\/tr\/wp-content\/uploads\/2020\/07\/70-8.jpg 660w\" sizes=\"auto, (max-width: 300px) 100vw, 300px\" \/><\/p>\n<p>Suriye ve b\u00f6lgedeki zor ko\u015fullar hakk\u0131nda fark\u0131ndal\u0131\u011f\u0131n\u0131 do\u011frulanan \u015eerkavi; Suriye\u2019nin maruz kald\u0131\u011f\u0131 zor ekonomik durumunun yapt\u0131r\u0131mlar sonucunda insani kurum olarak federasyonun r\u00f6l\u00fcn\u00fc kolayla\u015ft\u0131r\u0131lmad\u0131\u011f\u0131na dikkat \u00e7ekti. \u015eerkavi son olarak; Suriye devleti ve federasyon aras\u0131ndaki i\u015fbirli\u011fiyle Suriye halk\u0131n\u0131n zorluklar\u0131n\u0131 hafifletecekleri ile ilgili umutlu oldu\u011funu dile getirdi.<\/p>\n<p>G\u00f6r\u00fc\u015fmeye D\u0131\u015fi\u015fleri ve Gurbet\u00e7ier Bakanl\u0131\u011f\u0131nda Uluslararas\u0131 \u00d6rg\u00fctler \u0130daresi M\u00fcd\u00fcr\u00fc Abd\u00fclminem Anan ve ayn\u0131 ofisten Amar Avad, Bakan Yard\u0131mc\u0131s\u0131 Ofisi M\u00fcd\u00fcr\u00fc Usama Ali ve ofisten Zeyna Ali kat\u0131ld\u0131. Misafir Taraf\u0131ndan ise g\u00f6r\u00fc\u015fmeye, Suriye\u2019de Uluslararas\u0131 K\u0131z\u0131lha\u00e7 ve K\u0131z\u0131lay Federasyonu temsilcisi Andre \u0130ngestrand ve Suriye K\u0131z\u0131lay \u00d6rg\u00fct\u00fc Genel Sekreteri Halid Araksusi kat\u0131ld\u0131.<\/p>\n<p>\u00c7eviri: P.M.<\/p>\n<p><iframe loading=\"lazy\" src=\"https:\/\/www.youtube.com\/embed\/agLDgqr6dzc\" width=\"620\" height=\"347\" frameborder=\"0\" allowfullscreen=\"allowfullscreen\"><\/iframe><\/p>\n","protected":false},"excerpt":{"rendered":"<p>\u015eAM \u2013 Suriye Uluslararas\u0131 K\u0131z\u0131lha\u00e7 ve K\u0131z\u0131lay Dernekleri Federasyonu ile bug\u00fcn, uluslararas\u0131 federasyonun Suriye Arap Cumhuriyeti&#8217;ndeki yasal stat\u00fcs\u00fc ile ilgili mutabakat zapt\u0131 imzalad\u0131. Mutabakat zapt\u0131, Suriye taraf\u0131ndan D\u0131\u015fi\u015fleri ve Gurbet\u00e7iler Bakan Yard\u0131mc\u0131s\u0131 Feysal el Mikdad, federasyon taraf\u0131ndan ise Orta Do\u011fu ve Kuzey Afrika\u2019da Uluslararas\u0131 K\u0131z\u0131lha\u00e7 ve K\u0131z\u0131lay Dernekleri Federasyon&#8217;nun B\u00f6lge M\u00fcd\u00fcr\u00fc Husam el \u015eerkavi imzalad\u0131lar. &hellip;<\/p>\n","protected":false},"author":1,"featured_media":214043,"comment_status":"closed","ping_status":"closed","sticky":false,"template":"","format":"standard","meta":{"footnotes":""},"categories":[596,479,17988,478],"tags":[],"class_list":["post-214042","post","type-post","status-publish","format-standard","has-post-thumbnail","","category-fotografli-raporlar","category-haberler-yerel","category-son-haberler","category-yerel"],"_links":{"self":[{"href":"https:\/\/archive.sana.sy\/tr\/index.php?rest_route=\/wp\/v2\/posts\/214042","targetHints":{"allow":["GET"]}}],"collection":[{"href":"https:\/\/archive.sana.sy\/tr\/index.php?rest_route=\/wp\/v2\/posts"}],"about":[{"href":"https:\/\/archive.sana.sy\/tr\/index.php?rest_route=\/wp\/v2\/types\/post"}],"author":[{"embeddable":true,"href":"https:\/\/archive.sana.sy\/tr\/index.php?rest_route=\/wp\/v2\/users\/1"}],"replies":[{"embeddable":true,"href":"https:\/\/archive.sana.sy\/tr\/index.php?rest_route=%2Fwp%2Fv2%2Fcomments&post=214042"}],"version-history":[{"count":0,"href":"https:\/\/archive.sana.sy\/tr\/index.php?rest_route=\/wp\/v2\/posts\/214042\/revisions"}],"wp:featuredmedia":[{"embeddable":true,"href":"https:\/\/archive.sana.sy\/tr\/index.php?rest_route=\/wp\/v2\/media\/214043"}],"wp:attachment":[{"href":"https:\/\/archive.sana.sy\/tr\/index.php?rest_route=%2Fwp%2Fv2%2Fmedia&parent=214042"}],"wp:term":[{"taxonomy":"category","embeddable":true,"href":"https:\/\/archive.sana.sy\/tr\/index.php?rest_route=%2Fwp%2Fv2%2Fcategories&post=214042"},{"taxonomy":"post_tag","embeddable":true,"href":"https:\/\/archive.sana.sy\/tr\/index.php?rest_route=%2Fwp%2Fv2%2Ftags&post=214042"}],"curies":[{"name":"wp","href":"https:\/\/api.w.org\/{rel}","templated":true}]}}