{"id":214049,"date":"2020-07-16T18:00:04","date_gmt":"2020-07-16T15:00:04","guid":{"rendered":"http:\/\/www.sana.sy\/tr\/?p=214049"},"modified":"2020-07-18T14:56:36","modified_gmt":"2020-07-18T11:56:36","slug":"basbakan-arnusun-baskanligindaki-toplantida-suriyelilere-karsi-uygulanan-ekonomik-savas-ile-yuzlesmede-ulusal-medyanin-rolune-odaklandi","status":"publish","type":"post","link":"https:\/\/archive.sana.sy\/tr\/?p=214049","title":{"rendered":"Ba\u015fbakan Arnus&#8217;un Ba\u015fkanl\u0131\u011f\u0131ndaki Toplant\u0131da Suriyelilere Kar\u015f\u0131 Ekonomik Sava\u015f \u0130le Y\u00fczle\u015fmede Ulusal Medyan\u0131n R\u00f6l\u00fcne Odakland\u0131"},"content":{"rendered":"<p>\u015eAM \u2013 Ba\u015fbakan H\u00fcseyin Arnus, d\u00fc\u015fmanca medya taraf\u0131ndan yay\u0131nlanmakta olan yanl\u0131\u015f bilgilendirme ile y\u00fczle\u015fmede, Suriye\u2019nin maruz kald\u0131\u011f\u0131 ter\u00f6r sava\u015f\u0131ndan dolay\u0131 hizmet altyap\u0131lar\u0131 ve kalk\u0131nma sekt\u00f6rlerinde meydana gelen hasarlar\u0131n ger\u00e7eklerini ortaya \u00e7\u0131karma ve ekonomik sava\u015f\u0131 sonucundaki Suriye halk\u0131n\u0131n ekonomik ko\u015fullara kar\u015f\u0131 koyma konusundaki \u00f6nerileri ortaya \u00e7\u0131karmada ulusal medyan\u0131n oynad\u0131\u011f\u0131 rol\u00fcn \u00f6nemini vurgulad\u0131.<\/p>\n<p>Bahsedilen konular Ba\u015fbakan Arnus ve Gazeteciler Federasyonu \u0130cra Kurulu \u00dcyeleri ile bulundu\u011fu ve Bilgi Bakan\u0131 \u0130mad Sara\u2019n\u0131n kat\u0131ld\u0131\u011f\u0131 toplant\u0131da masaya yat\u0131r\u0131ld\u0131. Toplant\u0131da; ulusal medyan\u0131n \u00e7al\u0131\u015fma ve \u00fcretimin t\u00fcm y\u00f6nlerinde bulunmas\u0131 \u00f6nemi ve vatanda\u015flar\u0131n taleplerinin \u015feffaf ve objektif bir \u015fekilde aktar\u0131lmas\u0131 gerekti\u011fine odaklanarak, medya \u00e7al\u0131\u015fmalar\u0131n\u0131n seviyesini y\u00fckseltmesi ve ara\u00e7lar\u0131n\u0131 geli\u015ftirmesi i\u00e7in Bilgi Bakanl\u0131\u011f\u0131 ile Gazeteciler Federasyonu aras\u0131ndaki entegrasyonun \u00f6nemi vurguland\u0131.<\/p>\n<p>Toplandt\u0131da; Gazetecilikle ilgili baz\u0131 gereklilikleri elde eden gazetecilerle ilgili \u00e7al\u0131\u015fmalar\u0131 takdim etmeye karar verildi.<\/p>\n<p>Toplant\u0131daki tart\u0131\u015fmalar ayr\u0131ca; h\u00fck\u00fcmet \u00e7al\u0131\u015fmalar\u0131n\u0131n ger\u00e7ek imaj\u0131n\u0131 aktarmaya katk\u0131da bulunmak i\u00e7in bas\u0131n b\u00fcrolar\u0131n\u0131n \u00e7al\u0131\u015fmalar\u0131n\u0131 g\u00fc\u00e7lendirme, medya profesyonellerine g\u00fcvenilir bilgi sa\u011flama, bas\u0131n mesle\u011finin prati\u011fini d\u00fczenleme gere\u011fi ve Gazeteciler Birli\u011fi&#8217;nin Bilgi Bakanl\u0131\u011f\u0131 ile i\u015fbirli\u011fi i\u00e7inde beceri ve uzman medya profesyonellerini sa\u011flamas\u0131 ile ilgili konular\u0131 i\u00e7erdi.<\/p>\n<p>\u00c7eviri: P.M.<\/p>\n","protected":false},"excerpt":{"rendered":"<p>\u015eAM \u2013 Ba\u015fbakan H\u00fcseyin Arnus, d\u00fc\u015fmanca medya taraf\u0131ndan yay\u0131nlanmakta olan yanl\u0131\u015f bilgilendirme ile y\u00fczle\u015fmede, Suriye\u2019nin maruz kald\u0131\u011f\u0131 ter\u00f6r sava\u015f\u0131ndan dolay\u0131 hizmet altyap\u0131lar\u0131 ve kalk\u0131nma sekt\u00f6rlerinde meydana gelen hasarlar\u0131n ger\u00e7eklerini ortaya \u00e7\u0131karma ve ekonomik sava\u015f\u0131 sonucundaki Suriye halk\u0131n\u0131n ekonomik ko\u015fullara kar\u015f\u0131 koyma konusundaki \u00f6nerileri ortaya \u00e7\u0131karmada ulusal medyan\u0131n oynad\u0131\u011f\u0131 rol\u00fcn \u00f6nemini vurgulad\u0131. Bahsedilen konular Ba\u015fbakan Arnus &hellip;<\/p>\n","protected":false},"author":1,"featured_media":214050,"comment_status":"closed","ping_status":"closed","sticky":false,"template":"","format":"standard","meta":{"footnotes":""},"categories":[479,17988,478],"tags":[],"class_list":["post-214049","post","type-post","status-publish","format-standard","has-post-thumbnail","","category-haberler-yerel","category-son-haberler","category-yerel"],"_links":{"self":[{"href":"https:\/\/archive.sana.sy\/tr\/index.php?rest_route=\/wp\/v2\/posts\/214049","targetHints":{"allow":["GET"]}}],"collection":[{"href":"https:\/\/archive.sana.sy\/tr\/index.php?rest_route=\/wp\/v2\/posts"}],"about":[{"href":"https:\/\/archive.sana.sy\/tr\/index.php?rest_route=\/wp\/v2\/types\/post"}],"author":[{"embeddable":true,"href":"https:\/\/archive.sana.sy\/tr\/index.php?rest_route=\/wp\/v2\/users\/1"}],"replies":[{"embeddable":true,"href":"https:\/\/archive.sana.sy\/tr\/index.php?rest_route=%2Fwp%2Fv2%2Fcomments&post=214049"}],"version-history":[{"count":0,"href":"https:\/\/archive.sana.sy\/tr\/index.php?rest_route=\/wp\/v2\/posts\/214049\/revisions"}],"wp:featuredmedia":[{"embeddable":true,"href":"https:\/\/archive.sana.sy\/tr\/index.php?rest_route=\/wp\/v2\/media\/214050"}],"wp:attachment":[{"href":"https:\/\/archive.sana.sy\/tr\/index.php?rest_route=%2Fwp%2Fv2%2Fmedia&parent=214049"}],"wp:term":[{"taxonomy":"category","embeddable":true,"href":"https:\/\/archive.sana.sy\/tr\/index.php?rest_route=%2Fwp%2Fv2%2Fcategories&post=214049"},{"taxonomy":"post_tag","embeddable":true,"href":"https:\/\/archive.sana.sy\/tr\/index.php?rest_route=%2Fwp%2Fv2%2Ftags&post=214049"}],"curies":[{"name":"wp","href":"https:\/\/api.w.org\/{rel}","templated":true}]}}