{"id":214053,"date":"2020-07-16T18:33:16","date_gmt":"2020-07-16T15:33:16","guid":{"rendered":"http:\/\/www.sana.sy\/tr\/?p=214053"},"modified":"2020-07-18T14:56:43","modified_gmt":"2020-07-18T11:56:43","slug":"buyukelci-ala-suriye-israil-isgalinin-filistin-halkina-karsi-isledigi-suclardan-hesap-verebilirligini-dogruladi","status":"publish","type":"post","link":"https:\/\/archive.sana.sy\/tr\/?p=214053","title":{"rendered":"B\u00fcy\u00fckel\u00e7i Ala: Suriye, \u201c\u0130srail\u201d \u0130\u015fgalinin Filistin Halk\u0131na Kar\u015f\u0131 \u0130\u015fledi\u011fi Su\u00e7lardan Hesap Verebilirli\u011finin Gerekti\u011fini Do\u011frulad\u0131"},"content":{"rendered":"<p>CENEVRE \u2013 Suriye, \u0130srail i\u015fgalinin Filistin halk\u0131na ve i\u015fgal alt\u0131ndaki Suriyeli Golan&#8217;a kar\u015f\u0131 i\u015fledi\u011fi su\u00e7lar\u0131 ve ihlalleri durdurmaya ve sorumlu tutmaya zorlamak i\u00e7in derhal harekete ge\u00e7me gerekti\u011fini do\u011frulad\u0131.<\/p>\n<p>Cenevre\u2019deki BM ve uluslararas\u0131 \u00f6rg\u00fctler ofisinde Suriye\u2019nin daimi temsilcisi Husamettin Ala, \u0130nsan Haklar\u0131 Konseyi\u2019nin 44. devresi oturumunda bulundu\u011fu kelimede; i\u015fgalini g\u00fc\u00e7lendirme ve i\u015fgal etti\u011fi b\u00f6lgelerde zorla demografik de\u011fi\u015fim yapma \u00e7er\u00e7evesinde \u201c\u0130srail\u2019in\u201d Filistin ve Suriyeli Golan\u2019\u0131n topraklar\u0131nda yerle\u015fim yerleri kurma ve \u00e7al\u0131\u015fmalar\u0131n\u0131n geni\u015flemesinin tehlikeli bir ihlal te\u015fkil etti\u011fini belirtirken \u201c\u0130srail\u2019in\u201d ve destek\u00e7ilerinin sorumlu tutulmas\u0131 gerekti\u011fini vurgulad\u0131.<\/p>\n<p>B\u00fcy\u00fckel\u00e7i Ala kelimesinde; 1967 y\u0131l\u0131nda i\u015fgal edilen Filistin topraklar\u0131ndaki \u0130nsan Haklar\u0131ndan Sorumlu BM \u00d6zel Raport\u00f6r\u00fc Michael Lenk\u2019e, raporunda Filistin halk\u0131n\u0131n haklar\u0131na kar\u015f\u0131 \u0130srail\u2019in uygulad\u0131\u011f\u0131 su\u00e7 ve ihlalleri kaydetti\u011fi ve \u201c\u0130srail\u2019i\u201d gayri me\u015fru ve i\u015fgal g\u00fcc\u00fcyle kurulan otorite olarak vasfetti\u011fi i\u00e7in \u015f\u00fckranlar\u0131n\u0131 dile getirdi. Bu ba\u011flamda Ala; Konseyin \u0130srail taraf\u0131ndan BM \u00d6zel Raport\u00f6r\u00fcn\u00fcn i\u015fgal alt\u0131ndaki Filistin topraklar\u0131na ula\u015fmas\u0131n\u0131 engellemeye devam etti\u011fini k\u0131nad\u0131\u011f\u0131na i\u015faret etti.<\/p>\n<p>Ala ayr\u0131ca; Suriye&#8217;nin BM \u00d6zel Raport\u00f6r\u00fcn\u00fcn tavsiyelerini destekledi\u011fini ve \u0130srailli i\u015fgal makamlar\u0131n\u0131n \u0131rk\u00e7\u0131 uygulamalar\u0131ndan ve Filistin halk\u0131na kar\u015f\u0131 toplu cezaland\u0131rma politikas\u0131ndan \u00e7ekilmelerini talep etti\u011finin yan\u0131s\u0131ra Gazze\u2019deki ku\u015fatmay\u0131 ve tutuklular\u0131n i\u015fgal kamplar\u0131ndan, \u00f6zellikle de \u00e7ocuklar ve kad\u0131nlardan derhal serbest b\u0131rak\u0131lmalar\u0131 \u00e7a\u011fr\u0131s\u0131nda bulundu\u011funu s\u00f6yledi.<\/p>\n<p>Son olarak Ala; Suriye&#8217;nin Birle\u015fmi\u015f Milletler\u2019in Filistin meselesine kar\u015f\u0131 kal\u0131c\u0131 sorumlulu\u011funu vurgulad\u0131\u011f\u0131n\u0131 belirtirken, \u0130srail ihlallerinin izlenmesi, belgelenmesinde ve i\u015fgal makamlar\u0131n\u0131n hesap verebilirli\u011finin sa\u011flanmas\u0131nda \u0130nsan Haklar\u0131 Konseyi&#8217;nin rol\u00fcn\u00fc vurgulad\u0131.<\/p>\n<p>\u00c7eviri: P.M.<\/p>\n","protected":false},"excerpt":{"rendered":"<p>CENEVRE \u2013 Suriye, \u0130srail i\u015fgalinin Filistin halk\u0131na ve i\u015fgal alt\u0131ndaki Suriyeli Golan&#8217;a kar\u015f\u0131 i\u015fledi\u011fi su\u00e7lar\u0131 ve ihlalleri durdurmaya ve sorumlu tutmaya zorlamak i\u00e7in derhal harekete ge\u00e7me gerekti\u011fini do\u011frulad\u0131. Cenevre\u2019deki BM ve uluslararas\u0131 \u00f6rg\u00fctler ofisinde Suriye\u2019nin daimi temsilcisi Husamettin Ala, \u0130nsan Haklar\u0131 Konseyi\u2019nin 44. devresi oturumunda bulundu\u011fu kelimede; i\u015fgalini g\u00fc\u00e7lendirme ve i\u015fgal etti\u011fi b\u00f6lgelerde zorla demografik &hellip;<\/p>\n","protected":false},"author":1,"featured_media":214054,"comment_status":"closed","ping_status":"closed","sticky":false,"template":"","format":"standard","meta":{"footnotes":""},"categories":[458,459,17988],"tags":[],"class_list":["post-214053","post","type-post","status-publish","format-standard","has-post-thumbnail","","category-dunya1","category-haberler-arap-uluslararasi-politika","category-son-haberler"],"_links":{"self":[{"href":"https:\/\/archive.sana.sy\/tr\/index.php?rest_route=\/wp\/v2\/posts\/214053","targetHints":{"allow":["GET"]}}],"collection":[{"href":"https:\/\/archive.sana.sy\/tr\/index.php?rest_route=\/wp\/v2\/posts"}],"about":[{"href":"https:\/\/archive.sana.sy\/tr\/index.php?rest_route=\/wp\/v2\/types\/post"}],"author":[{"embeddable":true,"href":"https:\/\/archive.sana.sy\/tr\/index.php?rest_route=\/wp\/v2\/users\/1"}],"replies":[{"embeddable":true,"href":"https:\/\/archive.sana.sy\/tr\/index.php?rest_route=%2Fwp%2Fv2%2Fcomments&post=214053"}],"version-history":[{"count":0,"href":"https:\/\/archive.sana.sy\/tr\/index.php?rest_route=\/wp\/v2\/posts\/214053\/revisions"}],"wp:featuredmedia":[{"embeddable":true,"href":"https:\/\/archive.sana.sy\/tr\/index.php?rest_route=\/wp\/v2\/media\/214054"}],"wp:attachment":[{"href":"https:\/\/archive.sana.sy\/tr\/index.php?rest_route=%2Fwp%2Fv2%2Fmedia&parent=214053"}],"wp:term":[{"taxonomy":"category","embeddable":true,"href":"https:\/\/archive.sana.sy\/tr\/index.php?rest_route=%2Fwp%2Fv2%2Fcategories&post=214053"},{"taxonomy":"post_tag","embeddable":true,"href":"https:\/\/archive.sana.sy\/tr\/index.php?rest_route=%2Fwp%2Fv2%2Ftags&post=214053"}],"curies":[{"name":"wp","href":"https:\/\/api.w.org\/{rel}","templated":true}]}}