{"id":21406,"date":"2015-01-21T12:01:57","date_gmt":"2015-01-21T10:01:57","guid":{"rendered":"http:\/\/www.sana.sy\/tr\/?p=21406"},"modified":"2015-01-22T13:48:03","modified_gmt":"2015-01-22T11:48:03","slug":"muallim-suriyedeki-durumlar-ve-bolgedeki-gelismelere-isik-tutuyor","status":"publish","type":"post","link":"https:\/\/archive.sana.sy\/tr\/?p=21406","title":{"rendered":"Suriye\u2019ye Kar\u015f\u0131 Sava\u015f B\u00f6lgedeki Rol\u00fcn\u00fc Hedef Al\u0131yor \u0130srail de Komplonun Temel B\u00f6l\u00fcm\u00fcd\u00fcr"},"content":{"rendered":"<p>\u015eAM \u2013 Ba\u015fbakan Yard\u0131mc\u0131s\u0131 D\u0131\u015fi\u015fleri ve Gurbet\u00e7iler Bakan\u0131 Velid el Muallim Suriye ve halk\u0131n\u0131 hedef alan ve komplolar \u00f6renlerin nas\u0131l planlad\u0131klar\u0131n\u0131 bilmek gerekti\u011fini belirtti.<\/p>\n<p>Muallim \u0130hbariye Kanal\u0131nda Suriye\u2019deki durumlara ilaveten b\u00f6lge ve d\u00fcnyadaki geli\u015fmelere \u0131\u015f\u0131k tutan konu\u015fmas\u0131nda \u0130srail\u2019in ABD arac\u0131l\u0131\u011f\u0131 ile Suriye\u2019deki krizin s\u00fcresini m\u00fcmk\u00fcn oldu\u011funca uzun tutma \u00e7abas\u0131nda oldu\u011funun art\u0131k herkes taraf\u0131ndan bilindi\u011fini belirtti.<\/p>\n<p><span style=\"color: #0000ff\">H\u00fck\u00fcmet Suriye Halk\u0131na Dayat\u0131lan Komployu K\u0131rmak \u0130\u00e7in Vatanda\u015flar\u0131n \u0130htiya\u00e7lar\u0131n\u0131 Temin Etmeye \u00c7al\u0131\u015f\u0131yor<\/span><\/p>\n<p>Muallim, bu y\u0131l\u0131n \u00f6ncekilerinden daha farkl\u0131 olaca\u011f\u0131n\u0131 \u00e7\u00fcnk\u00fc, vatanda\u015f ile h\u00fck\u00fcmet aras\u0131nda kayna\u015fmalar\u0131n bulundu\u011funu, vatanda\u015f\u0131n ihtiya\u00e7lar\u0131n\u0131n kar\u015f\u0131lanmas\u0131 i\u00e7in h\u00fck\u00fcmetin \u00e7aba sarf etti\u011fini hissetmesi gerekti\u011fini h\u00fck\u00fcmetin de vatanda\u015f\u0131n bu ihtiya\u00e7lar\u0131n\u0131 temin etmesi gere\u011fini vurgulad\u0131.<\/p>\n<p>Muallim, h\u00fck\u00fcmetin Suriye halk\u0131na dayat\u0131lan ablukay\u0131 k\u0131rnak i\u00e7in s\u00f6z konusu ihtiya\u00e7lar\u0131 temin etme gayretinde oldu\u011funu s\u00f6yledi.<\/p>\n<p>Paris\u2019te meydana gelen ter\u00f6r eyleminin b\u00f6lgedeki ter\u00f6r\u00fcn bir uzant\u0131s\u0131 oldu\u011funa dikkat \u00e7eken Muallim; bu olaylardan sonra komplocu Bat\u0131l\u0131 devletlerin tutumlar\u0131n\u0131 de\u011fi\u015ftirmeye zorlanmas\u0131 gerekti\u011fini ifade etti.<\/p>\n<p>\u0130srail\u2019in Kunaytra\u2019ya y\u00f6nelik son sald\u0131r\u0131s\u0131 ve BM\u2019nin Suriye semalar\u0131nda \u0130srailli ke\u015fif u\u00e7aklar\u0131 g\u00f6rd\u00fc\u011f\u00fcne dair ilan\u0131 ile ilgili olarak Muallim, s\u00f6z konusu itiraf\u0131 garipsemediklerini \u00e7\u00fcnk\u00fc 1974 y\u0131l\u0131 \u00e7ekilme ittifak\u0131na y\u00f6nelik ihlalin oldu\u011funu, bu ihlalin Suriye egemenli\u011fine ihlal ve Suriye topraklar\u0131na a\u00e7\u0131k sald\u0131r\u0131 say\u0131ld\u0131\u011f\u0131n\u0131 belirtti.<\/p>\n<p><span style=\"color: #0000ff\">\u0130srail Suriye\u2019ye Yinelik Komplonun Temel B\u00f6l\u00fcm\u00fcd\u00fcr<\/span><\/p>\n<p>\u201c\u0130srail bedel \u00f6deyece\u011fini bile bile bu sald\u0131r\u0131y\u0131 yapacak aptall\u0131\u011f\u0131nda m\u0131d\u0131r?\u201d sorusunu dile getirerek \u0130srail\u2019in Suriye\u2019ye y\u00f6nelik komplonun bir par\u00e7as\u0131 oldu\u011funu, g\u00fcneyde kendisinin Nusra Cephesi ter\u00f6rist \u00f6rg\u00fct\u00fc ile di\u011fer gruplar\u0131 kulland\u0131\u011f\u0131n\u0131, Suriye Arap Ordusu ile halk direni\u015finin bunlara kar\u015f\u0131l\u0131k verme ihtimalinden kurtarmak i\u00e7in direkt olarak askeri m\u00fcdahalede bulundu\u011funa i\u015faret etti.<\/p>\n<p>Bu a\u015famada Suriye\u2019ye dayat\u0131lan evrensel sava\u015fta \u00f6nceli\u011fin Suriye\u2019deki \u0130srail edatlar\u0131n\u0131 bitirmek oldu\u011funu \u00e7\u00fcnk\u00fc \u0130srail\u2019in bunlar\u0131n \u00fczerine \u00e7al\u0131\u015ft\u0131\u011f\u0131n\u0131 ve yard\u0131m etti\u011fini belirten Muallim, evrensel komplonun da bunlar\u0131 kulland\u0131\u011f\u0131n\u0131, sahada ne kadar ba\u015far\u0131 elde edilirse \u0130srail sald\u0131r\u0131lar\u0131na bu derecede cevap vermeye ba\u015flam\u0131\u015f olacaklar\u0131n\u0131 belirtti.<\/p>\n<p><span style=\"color: #0000ff\">Moskova G\u00f6r\u00fc\u015fmelerini Ba\u015far\u0131ya Ula\u015ft\u0131rma da M\u00fcmk\u00fcn Olan B\u00fct\u00fcn \u00c7abalar\u0131n Harcanmas\u0131 \u0130\u00e7in Cumhurba\u015fkan\u0131 Esad\u2019\u0131n Direktifleri Bulunuyor<\/span><\/p>\n<p>Moskova isti\u015fareleriyle ilgiliyse Muallim: Moskova g\u00f6r\u00fc\u015fmelerinin ba\u015far\u0131ya ula\u015ft\u0131r\u0131lmas\u0131nda m\u00fcmk\u00fcn olan b\u00fct\u00fcn \u00e7abalar\u0131n harcanmas\u0131 i\u00e7in say\u0131n Cumhurba\u015fkan\u0131 Be\u015f\u015far Esad\u2019tan direktif ald\u0131klar\u0131n\u0131 belirten Muallim, g\u00f6r\u00fc\u015fme hedeflerinin Rusya D\u0131\u015fi\u015fleri Bakanl\u0131\u011f\u0131n\u0131n b\u00fct\u00fcn kat\u0131l\u0131mc\u0131 taraflara g\u00f6nderdi\u011fi ve Suriye\u2019nin gelecekteki portresini koymak i\u00e7in Suriye-Suriye diyalogunun d\u00fczenlenmesini onaylayan davet mesaj\u0131yla belirlendi\u011fini ifade etti.<\/p>\n<p>Muallim, Moskova\u2019da muhalefetin bulundu\u011funu ve \u015fahsi bir \u015fekilde davet edildi\u011fini ve Moskova\u2019n\u0131n da dost bir toprak oldu\u011funu bundan dolay\u0131, Moskova g\u00f6r\u00fc\u015fmesinde m\u00fcdahale eden \u00fclke veya bir taraf\u0131 di\u011feriyle kay\u0131ran taraflar\u0131n bulunmad\u0131\u011f\u0131n\u0131, bu diyalogun Suriyeliler aras\u0131nda H\u00fck\u00fcmet heyeti ile muhalif \u015fahsiyetler aras\u0131nda diyalog ve g\u00f6r\u00fc\u015fme diyalogu oldu\u011funu, hedefin de gelecekte Suriye-Suriye diyalogu \u00fczerine ittifaka varmak oldu\u011funa dikkat \u00e7ekti.<\/p>\n<p>Baz\u0131 muhalefet taraflar\u0131n\u0131n Moskova\u2019ya g\u00f6r\u00fc\u015fme yapmak i\u00e7in gitmeyi reddeden baz\u0131 taraflarla ilgiliyse Muallim, bu sorunun onlar\u0131 ilgilendiren \u015fahsi bir sorun oldu\u011funu, gitmek isteyenin gelecekteki diyaloga kat\u0131lmak istedi\u011fini boykot edenin ise gelecekteki diyalog da rol\u00fcn\u00fcn olmayaca\u011f\u0131n\u0131 s\u00f6yledi.<\/p>\n<p>Muallim, kendilerinin kat\u0131l\u0131m i\u00e7in davet g\u00f6nderilen hi\u00e7 bir \u015fahs\u0131 reddetmediklerini, Rusya D\u0131\u015fi\u015fleri Bakan\u0131 Sergey Lavrov ile Moskova\u2019da, temsilin i\u00e7erdeki ve d\u0131\u015far\u0131daki muhalefete ek olarak bir grup ba\u011f\u0131ms\u0131z\u0131n yan\u0131 s\u0131ra h\u00fck\u00fcmet heyetinden olu\u015fmas\u0131 \u00fczerine anla\u015ft\u0131klar\u0131n\u0131 ve bu portreyi Moskova\u2019da g\u00f6rmeyi umduklar\u0131n\u0131 dile getirdi.<\/p>\n<p>H\u00fck\u00fcmetin isti\u015fare g\u00f6r\u00fc\u015fmesindeki kat\u0131l\u0131mc\u0131 heyet d\u00fczeyini d\u00fc\u015f\u00fcrece\u011fine y\u00f6nelik haberleri yalanlayan Bakan Muallim, heyetin \u00fcst d\u00fczey bir heyet oldu\u011funu ve geni\u015f bir diplomasi yetene\u011fine sahip oldu\u011funu belirtti.<\/p>\n<p><span style=\"color: #0000ff\">Baz\u0131 \u00dclkeler Moskova G\u00f6r\u00fc\u015fmesinden Rahats\u0131z Oldu\u011fu Gibi Edatlar\u0131 Kanal\u0131yla Ba\u015far\u0131s\u0131zl\u0131\u011fa U\u011fratma \u00c7al\u0131\u015f\u0131yor<\/span><\/p>\n<p>Muallim, konferans\u0131n ba\u015far\u0131s\u0131zl\u0131\u011f\u0131 halinde bunun Moskova\u2019da bulunan muhalefet \u015fahsiyetlerinin d\u0131\u015fa ve y\u00f6nelimleri do\u011frultusunda hareket etti\u011fi anlam\u0131nda gelece\u011fine i\u015faret ederek, b\u00f6lge ve d\u0131\u015f\u0131nda Moskova g\u00f6r\u00fc\u015fmesinden raz\u0131 olmayan bir \u00e7ok \u00fclkenin bulundu\u011funu hareket ettirdi\u011fi edatlar\u0131 kanal\u0131yla konferans hedefini a\u015fan siyasi \u00f6neriler kanal\u0131yla ba\u015far\u0131s\u0131zl\u0131\u011fa u\u011fratmaya \u00e7al\u0131\u015ft\u0131\u011f\u0131n \u0131 s\u00f6yledi.<\/p>\n<p>Kahire toplant\u0131s\u0131yla ilgili soruya cevaben Muallim, bu gibi bir g\u00f6r\u00fc\u015fmenin d\u00fczenlenmesi i\u00e7in kendilerine isti\u015farelerde bulunmad\u0131klar\u0131n\u0131, isti\u015fare edilmedikleri herhangi bir \u015feye itibar etmediklerini, kendilerinin h\u00fck\u00fcmet ve devlet olduklar\u0131n\u0131 ifade ederek, Moskova g\u00f6r\u00fc\u015fmesini ba\u015far\u0131s\u0131zl\u0131\u011fa u\u011fratmay\u0131 hedefleyen herhangi bir \u00e7aban\u0131n Suriye\u2019deki siyasi \u00e7\u00f6z\u00fcm imkan\u0131n\u0131 baltalama \u00e7abas\u0131 oldu\u011funu vurgulad\u0131.<\/p>\n<p>Muallim, Suudi Arabistan\u2019\u0131n y\u00f6nelimleri ve Arap \u00e7evresiyle ba\u011flar\u0131n\u0131 bir kez daha de\u011ferlendirmesi gerekti\u011fini belirterek ter\u00f6r\u00fcn ortak bir d\u00fc\u015fman oldu\u011funa, Suudi Arabistan topraklar\u0131n\u0131n da vahhabi k\u00fclt\u00fcr sebebiyle bu ter\u00f6r i\u00e7in m\u00fclayim oldu\u011funa i\u015faret etti.<\/p>\n<p>Katar ve T\u00fcrkiye\u2019nin Suriye\u2019ye komplo \u00fczerine \u0131srarc\u0131 tutumlar\u0131yla ilgiliyse Muallim, eski Katar D\u0131\u015fi\u015fleri Bakan\u0131yla son g\u00f6r\u00fc\u015fmesinde kendisine Suriye\u2019deki rejimin iki ay i\u00e7erisinde d\u00fc\u015fece\u011fini s\u00f6yledi\u011fini hat\u0131rlad\u0131\u011f\u0131n\u0131, bug\u00fcn ise krizin be\u015finci y\u0131la girmek \u00fczereyken Suriye devletinin daha sa\u011flam oldu\u011funu dile getirerek bu durumun yeni Katar Emir\u2019i nezdinde Katar\u2019dan \u00e7ok daha b\u00fcy\u00fck bir oyunla oynad\u0131\u011f\u0131n\u0131 ve bu oyunun ne Suriye, ne Libya, ne M\u0131s\u0131r, ne Tunus ne de Yemen\u2019de kimse taraf\u0131ndan g\u00f6r\u00fclmek istenmedi\u011fini g\u00f6rmesi gerekti\u011fini dile getirerek, Katarl\u0131lar\u0131 halk\u0131n \u00e7\u0131karlar\u0131n\u0131 e\u011fer istorlarsa do\u011fal hacimlerine geri d\u00f6nmeye \u00e7a\u011f\u0131rd\u0131.<\/p>\n<p><span style=\"color: #0000ff\">T\u00fcrkiye I\u015e\u0130D \u00d6rg\u00fct\u00fcn\u00fcn Stratejik Derinli\u011fini Temsil Ediyor<\/span><\/p>\n<p>T\u00fcrkiye\u2019nin Suriye halk\u0131n\u0131n temel d\u00fc\u015fman\u0131 oldu\u011funu, co\u011frafya ve s\u0131n\u0131r uzunlu\u011funu istismar etti\u011fini, Adalet ve Kalk\u0131nma Partisi ile I\u015e\u0130D \u00f6rg\u00fct\u00fc aras\u0131nda var olan dogmatik ba\u011f\u0131n art\u0131k gizli olmad\u0131\u011f\u0131n\u0131 belirten Muallim, T\u00fcrkiye\u2019nin I\u015e\u0130D ter\u00f6r \u00f6rg\u00fct\u00fcn\u00fcn sadece ge\u00e7i\u015f kanal\u0131yla de\u011fil bilakis sa\u011fl\u0131k hizmetleri, bar\u0131nma ve dinlenme ile I\u015e\u0130D\u2019in T\u00fcrkiye pazarlar\u0131nda sat\u0131lan Suriye\u2019nin petrol\u00fc, pamu\u011fu ve bu\u011fday\u0131ndan olu\u015fan \u00e7ald\u0131klar\u0131n\u0131n ticaret merkezi olmas\u0131 itibariyle stratejik derinli\u011fini temsil etti\u011fini vurgulad\u0131.<\/p>\n<p>Muallim, T\u00fcrkiyelilere Pakistan ve Kaide dersinden faydalanmalar\u0131n\u0131, Kaide\u2019nin Pakistan\u2019a ters tepti\u011fini ve Pakistan\u2019da g\u00fcvenli\u011fin bir b\u00f6l\u00fcm\u00fc haline geldi\u011fini bu y\u00fczden bu ter\u00f6r\u00fcn bir g\u00fcn T\u00fcrkiyelilere geri d\u00f6nece\u011fi idrakinde olmalar\u0131 gerekti\u011fini s\u00f6yledi.<\/p>\n<p>Uluslararas\u0131 koalisyonun T\u00fcrkiye\u2019den \u0130ncirlik \u00fcss\u00fcn\u00fc kullanmak ve s\u0131n\u0131rlar\u0131n\u0131 zapt etmek istedi\u011fini \u00e7\u00fcnk\u00fc s\u0131n\u0131r\u0131n 83 \u00fclkeden gelen ter\u00f6ristlere a\u00e7\u0131k oldu\u011fu s\u00fcrece uluslararas\u0131 koalisyon ne kadar bombard\u0131man yaparsa yaps\u0131n bu bo0mbard\u0131manlar\u0131n sonu\u00e7 vermeyece\u011fini , T\u00fcrkiye\u2019nin de yine T\u00fcrklerin itiraflar\u0131yla ter\u00f6r eylemlerine maruz kalma sahas\u0131 oldu\u011funu, T\u00fcrkiye\u2019de yine kendi rakamlar\u0131nca 3 binden fazla I\u015e\u0130D sempatizan\u0131n\u0131n bulundu\u011funu, bug\u00fcn T\u00fcrkiye\u2019de 500-700 ter\u00f6r h\u00fccresinin bulundu\u011fu y\u00f6n\u00fcndeki T\u00fcrkiye D\u0131\u015fi\u015fleri bakan\u0131n\u0131n itiraf\u0131 oldu\u011funu s\u00f6yledi.<\/p>\n<p>Muallim: \u201cEskiden T\u00fcrkiye ile iyi kom\u015fuluk ili\u015fkileri b\u00fct\u00fcn alanlarda yak\u0131n ili\u015fki ve ba\u011f i\u00e7erisindeydik \u015fimdi ise bu ili\u015fki yok ve s\u0131f\u0131r ili\u015fkiye varm\u0131\u015f durumda, acaba bu T\u00fcrk halk\u0131n\u0131n \u00e7\u0131kar\u0131na m\u0131d\u0131r?\u201d dedi.<\/p>\n<p>Uluslararas\u0131 temsilcinin plan\u0131 i\u00e7in Halep\u2019i adres se\u00e7mesiyle ilgiliyse Muallim, De Mistura\u2019n\u0131n plan\u0131n\u0131n Rakka de\u011fil Halep kenti \u00fczerine d\u00fc\u015fmesinin, Rakka\u2019da I\u015e\u0130D\u2019in varl\u0131\u011f\u0131n\u0131n bulunmas\u0131na dayand\u0131\u011f\u0131n\u0131 2170 say\u0131l\u0131 BM G\u00fcvenlik Konseyi karar\u0131n\u0131n temsilcilerinin BM ter\u00f6r listesinde bulunan ter\u00f6r \u00f6rg\u00fct\u00fcyle g\u00f6r\u00fc\u015fmeler yapmas\u0131n\u0131 men etti\u011fini, Halep\u2019in de Suriye\u2019nin ikinci b\u00fcy\u00fck kenti oldu\u011funu De Mistura\u2019n\u0131n g\u00f6r\u00fc\u015f\u00fcne g\u00f6re de, korunmas\u0131 gereken bir uygarl\u0131k ve k\u00fclt\u00fcr abidesi temsil etti\u011fini dile getirdi.<\/p>\n<p>I\u015e\u0130D\u2019e kar\u015f\u0131 sava\u015fmak i\u00e7in Suriye\u2019ye g\u00fc\u00e7 g\u00f6nderilmesi imkan\u0131 ile ilgiliyse Muallim, ABD\u2019nin I\u015e\u0130D veya Suriye Arap Ordusuyla sava\u015fmak i\u00e7in asker g\u00f6nderme riskini g\u00f6ze alamayaca\u011f\u0131n\u0131, BM\u2019nin de bunun i\u00e7in G\u00fcvenlik Konseyi karar\u0131na ihtiya\u00e7 duydu\u011funu ve BM\u2019nin bu alanda hi\u00e7 bir rol \u00fcstlenmeyece\u011fini ifade etti.<\/p>\n<p><span style=\"color: #0000ff\">Amerika I\u015e\u0130D\u2019i Ortadan Kald\u0131rmak \u0130stiyorsa Tek Se\u00e7ene\u011fi Suriye Devletiyle \u0130\u015fbirli\u011fi <\/span><\/p>\n<p>Muallim:\u201d E\u011fer Amerika ger\u00e7ekten I\u015e\u0130D\u2019i ortadan kald\u0131rmak istiyorsa \u00f6n\u00fcnde tek bir se\u00e7enek vard\u0131r oda, Suriye ile i\u015fbirli\u011fi yapmak \u00e7\u00fcnk\u00fc, I\u015e\u0130D\u2019e kar\u015f\u0131 m\u00fccadele edecek Suriye Arap Ordusu gibi bir g\u00fc\u00e7 bulunmuyor\u201d dedi.<\/p>\n<p>Arap Kuruluna d\u00f6nme imkan\u0131yla ilgili soruya cevaben Muallim, d\u00f6n\u00fc\u015f\u00fcn Suriye halk\u0131n\u0131n iradesine kar\u015f\u0131 al\u0131nm\u0131\u015f t\u00fcm kararlar\u0131n iptal edilmesi \u015fartlar\u0131na ba\u011fl\u0131 oldu\u011funu \u00e7\u00fcnk\u00fc Arap Kurulu krizin bir b\u00f6l\u00fcm\u00fc ve Suriye\u2019deki krize yard\u0131mc\u0131 olanlar\u0131n \u00e7\u0131\u011f\u0131rtkanl\u0131\u011f\u0131n\u0131 yapt\u0131\u011f\u0131na dikkat \u00e7ekti.<\/p>\n<p>Suriye\u2019nin kriz \u015fi\u015fesinin a\u011fz\u0131ndan ge\u00e7ti\u011fini ve \u015fu anda daha fazla rahat bir \u015fekilde hareket edebildiklerini belirtti.<\/p>\n<p><span style=\"color: #0000ff\">Bask\u0131lar Moskova\u2019n\u0131n Suriye\u2019ye Y\u00f6nelik Tutumlar\u0131n\u0131 Etkilemeyecek<\/span><\/p>\n<p>Rusya\u2019ya y\u00f6nelik bask\u0131larla ilgiliyse Muallim, Rusya\u2019n\u0131n Rubel de\u011ferini etkileyen muhte\u015fem bir ekonomik bask\u0131ya maruz kald\u0131\u011f\u0131n\u0131 a\u00e7\u0131klayarak Rusya\u2019da muhtelif kaynaklar\u0131n ve geni\u015f pazarlar\u0131n\u0131n bulundu\u011funu, bu y\u00fczden hi\u00e7 kimsenin Rusya\u2019y\u0131 cezaland\u0131ramayaca\u011f\u0131n\u0131 ve bask\u0131lar\u0131n Rusya\u2019n\u0131n Suriye\u2019ye y\u00f6nelik tutumlar\u0131n\u0131 etkilemeyece\u011fini s\u00f6yledi.<\/p>\n<p>Muallim, Rusya\u2019n\u0131n Suriye\u2019nin direnci ve zaferiyle g\u00fc\u00e7lendi\u011fini, Rusya\u2019ya bask\u0131 yapanlar\u0131n Suriye bask\u0131 yapanlar\u0131n ayn\u0131s\u0131 oldu\u011funa dikkat \u00e7ekti.<br \/>\nA.A. &#8211; S.\u015e. &#8211; R.H.<\/p>\n","protected":false},"excerpt":{"rendered":"<p>\u015eAM \u2013 Ba\u015fbakan Yard\u0131mc\u0131s\u0131 D\u0131\u015fi\u015fleri ve Gurbet\u00e7iler Bakan\u0131 Velid el Muallim Suriye ve halk\u0131n\u0131 hedef alan ve komplolar \u00f6renlerin nas\u0131l planlad\u0131klar\u0131n\u0131 bilmek gerekti\u011fini belirtti. Muallim \u0130hbariye Kanal\u0131nda Suriye\u2019deki durumlara ilaveten b\u00f6lge ve d\u00fcnyadaki geli\u015fmelere \u0131\u015f\u0131k tutan konu\u015fmas\u0131nda \u0130srail\u2019in ABD arac\u0131l\u0131\u011f\u0131 ile Suriye\u2019deki krizin s\u00fcresini m\u00fcmk\u00fcn oldu\u011funca uzun tutma \u00e7abas\u0131nda oldu\u011funun art\u0131k herkes taraf\u0131ndan bilindi\u011fini belirtti. &hellip;<\/p>\n","protected":false},"author":1,"featured_media":21430,"comment_status":"closed","ping_status":"closed","sticky":false,"template":"","format":"standard","meta":{"footnotes":""},"categories":[479,2554,2555,478],"tags":[10434,10429,10432,10428,10433,10435,10430,10431],"class_list":["post-21406","post","type-post","status-publish","format-standard","has-post-thumbnail","","category-haberler-yerel","category-suriye-ve-dunya","category-suriye-ve-turkiye","category-yerel","tag-bu-ihlalin-suriye-egemenligine-ihlal-ve-suriye-topraklarina-acik-saldiri-sayildigini-belirtti-devami-ayrintilar-a-a-s-s-r-h","tag-bu-yilin-oncekilerinden-daha-farkli-olacagini-cunku","tag-hukumetin-suriye-halkina-dayatilan-ablukayi-kirnak-icin-soz-konusu-ihtiyaclari-temin-etme-gayretinde-oldugunu-soyledi-pariste-meydana-gelen-teror-eyleminin-bolgedeki-terorun-bir-uzantisi-old","tag-sam-basbakan-yardimcisi-disisleri-ve-gurbetciler-bakani-velid-el-muallim-suriye-ve-halkini-hedef-alan-ve-komplolar-orenlerin-nasil-planladiklarini-bilmek-gerektigini-belirtti-muallim-ihbari","tag-soz-konusu-itirafi-garipsemediklerini-cunku-1974-yili-cekilme-ittifakina-yonelik-ihlalin-oldugunu","tag-suriyeye-karsi-savas-bolgedeki-rolunu-hedef-aliyor-israil-de-komplonun-temel-bolumudur","tag-vatandas-ile-hukumet-arasinda-kaynasmalarin-bulundugunu","tag-vatandasin-ihtiyaclarinin-karsilanmasi-icin-hukumetin-caba-sarf-ettigini-hissetmesi-gerektigini-hukumetin-de-vatandasin-bu-ihtiyaclarini-temin-etmesi-geregini-vurguladi-muallim"],"_links":{"self":[{"href":"https:\/\/archive.sana.sy\/tr\/index.php?rest_route=\/wp\/v2\/posts\/21406","targetHints":{"allow":["GET"]}}],"collection":[{"href":"https:\/\/archive.sana.sy\/tr\/index.php?rest_route=\/wp\/v2\/posts"}],"about":[{"href":"https:\/\/archive.sana.sy\/tr\/index.php?rest_route=\/wp\/v2\/types\/post"}],"author":[{"embeddable":true,"href":"https:\/\/archive.sana.sy\/tr\/index.php?rest_route=\/wp\/v2\/users\/1"}],"replies":[{"embeddable":true,"href":"https:\/\/archive.sana.sy\/tr\/index.php?rest_route=%2Fwp%2Fv2%2Fcomments&post=21406"}],"version-history":[{"count":0,"href":"https:\/\/archive.sana.sy\/tr\/index.php?rest_route=\/wp\/v2\/posts\/21406\/revisions"}],"wp:featuredmedia":[{"embeddable":true,"href":"https:\/\/archive.sana.sy\/tr\/index.php?rest_route=\/wp\/v2\/media\/21430"}],"wp:attachment":[{"href":"https:\/\/archive.sana.sy\/tr\/index.php?rest_route=%2Fwp%2Fv2%2Fmedia&parent=21406"}],"wp:term":[{"taxonomy":"category","embeddable":true,"href":"https:\/\/archive.sana.sy\/tr\/index.php?rest_route=%2Fwp%2Fv2%2Fcategories&post=21406"},{"taxonomy":"post_tag","embeddable":true,"href":"https:\/\/archive.sana.sy\/tr\/index.php?rest_route=%2Fwp%2Fv2%2Ftags&post=21406"}],"curies":[{"name":"wp","href":"https:\/\/api.w.org\/{rel}","templated":true}]}}