{"id":214071,"date":"2020-07-16T20:59:58","date_gmt":"2020-07-16T17:59:58","guid":{"rendered":"http:\/\/www.sana.sy\/tr\/?p=214071"},"modified":"2020-07-18T14:56:47","modified_gmt":"2020-07-18T11:56:47","slug":"isgalci-amerikan-kuvvetlerine-ait-25-aractan-olusan-bir-konvoy-iraktan-hasekeye-girdi","status":"publish","type":"post","link":"https:\/\/archive.sana.sy\/tr\/?p=214071","title":{"rendered":"\u0130\u015fgalci Amerikan Kuvvetlerine Ait 25 Ara\u00e7tan Olu\u015fan Bir Konvoy Irak\u2019tan Haseke\u2019ye Girdi"},"content":{"rendered":"<p>HASEKE &#8211; Uluslararas\u0131 hukuk ve ilkelerine yeni bir ihlalde bulunarak, Amerikan i\u015fgali askeri ve lojestik maddeleri ta\u015f\u0131yan 25 ara\u00e7tan olu\u015fan bir konvoyu \u00a0\u00a0Suriye\u2019nin el Cezire B\u00f6lgesinde yerle\u015ftirdikleri gayri me\u015fru \u00fcslerini g\u00fc\u00e7lendirmek i\u00e7in sevk etti.<\/p>\n<p>Yarubiye k\u0131rsal\u0131ndan yerel kaynaklar SANA muhabirine; lojistik malzemeler ta\u015f\u0131yan Hummer ve z\u0131rhl\u0131 ara\u00e7lardan olu\u015fan \u0130\u015fgalci Amerikan Kuvvetlerine ait bir konvoyun girdi\u011fini belirtti.<\/p>\n<p>Kaynaklar, i\u015fgal kuvvetlerinin d\u00fcn Hrab El Cir askeri havaalan\u0131ndan bir\u00e7ok bozuk askeri arac\u0131n\u0131n Irak topraklar\u0131na ta\u015f\u0131d\u0131\u011f\u0131n\u0131 ifade etti.<\/p>\n<p>&nbsp;<\/p>\n","protected":false},"excerpt":{"rendered":"<p>HASEKE &#8211; Uluslararas\u0131 hukuk ve ilkelerine yeni bir ihlalde bulunarak, Amerikan i\u015fgali askeri ve lojestik maddeleri ta\u015f\u0131yan 25 ara\u00e7tan olu\u015fan bir konvoyu \u00a0\u00a0Suriye\u2019nin el Cezire B\u00f6lgesinde yerle\u015ftirdikleri gayri me\u015fru \u00fcslerini g\u00fc\u00e7lendirmek i\u00e7in sevk etti. Yarubiye k\u0131rsal\u0131ndan yerel kaynaklar SANA muhabirine; lojistik malzemeler ta\u015f\u0131yan Hummer ve z\u0131rhl\u0131 ara\u00e7lardan olu\u015fan \u0130\u015fgalci Amerikan Kuvvetlerine ait bir konvoyun girdi\u011fini &hellip;<\/p>\n","protected":false},"author":1,"featured_media":214074,"comment_status":"closed","ping_status":"closed","sticky":false,"template":"","format":"standard","meta":{"footnotes":""},"categories":[458,459,17988],"tags":[],"class_list":["post-214071","post","type-post","status-publish","format-standard","has-post-thumbnail","","category-dunya1","category-haberler-arap-uluslararasi-politika","category-son-haberler"],"_links":{"self":[{"href":"https:\/\/archive.sana.sy\/tr\/index.php?rest_route=\/wp\/v2\/posts\/214071","targetHints":{"allow":["GET"]}}],"collection":[{"href":"https:\/\/archive.sana.sy\/tr\/index.php?rest_route=\/wp\/v2\/posts"}],"about":[{"href":"https:\/\/archive.sana.sy\/tr\/index.php?rest_route=\/wp\/v2\/types\/post"}],"author":[{"embeddable":true,"href":"https:\/\/archive.sana.sy\/tr\/index.php?rest_route=\/wp\/v2\/users\/1"}],"replies":[{"embeddable":true,"href":"https:\/\/archive.sana.sy\/tr\/index.php?rest_route=%2Fwp%2Fv2%2Fcomments&post=214071"}],"version-history":[{"count":0,"href":"https:\/\/archive.sana.sy\/tr\/index.php?rest_route=\/wp\/v2\/posts\/214071\/revisions"}],"wp:featuredmedia":[{"embeddable":true,"href":"https:\/\/archive.sana.sy\/tr\/index.php?rest_route=\/wp\/v2\/media\/214074"}],"wp:attachment":[{"href":"https:\/\/archive.sana.sy\/tr\/index.php?rest_route=%2Fwp%2Fv2%2Fmedia&parent=214071"}],"wp:term":[{"taxonomy":"category","embeddable":true,"href":"https:\/\/archive.sana.sy\/tr\/index.php?rest_route=%2Fwp%2Fv2%2Fcategories&post=214071"},{"taxonomy":"post_tag","embeddable":true,"href":"https:\/\/archive.sana.sy\/tr\/index.php?rest_route=%2Fwp%2Fv2%2Ftags&post=214071"}],"curies":[{"name":"wp","href":"https:\/\/api.w.org\/{rel}","templated":true}]}}