{"id":21415,"date":"2015-01-21T09:47:41","date_gmt":"2015-01-21T07:47:41","guid":{"rendered":"http:\/\/www.sana.sy\/tr\/?p=21415"},"modified":"2015-01-21T09:49:18","modified_gmt":"2015-01-21T07:49:18","slug":"krize-cozum-bulmada-ilgili-taraflarin-gerekli-cabayi-harcamasi-gerekiyor","status":"publish","type":"post","link":"https:\/\/archive.sana.sy\/tr\/?p=21415","title":{"rendered":"Krize \u00c7\u00f6z\u00fcm Bulmada \u0130lgili Taraflar\u0131n Gerekli \u00c7abay\u0131 Harcamas\u0131 Gerekiyor"},"content":{"rendered":"<p>MOSKOVA \u2013 Rusya D\u0131\u015fi\u015fleri Bakan\u0131 Sergey Lavrov Amerikal\u0131 mevkida\u015f\u0131 John Kerry ile d\u00fczenledi\u011fi telefon g\u00f6r\u00fc\u015fmesinde, Suriye\u2019deki krizin siyasi \u00e7\u00f6z\u00fcm yollar\u0131n\u0131 aramak i\u00e7in ilgili b\u00fct\u00fcn taraflar\u0131n \u00e7aba harcamas\u0131 gerekti\u011fini belirtti.<\/p>\n<p>Rusya D\u0131\u015fi\u015fleri Bakanl\u0131\u011f\u0131 yay\u0131nlad\u0131\u011f\u0131 beyanda, Kerry\u2019nin Lavrov\u2019a Suriye\u2019deki kriz konusunda beklenen Moskova g\u00f6r\u00fc\u015fmesini destekledi\u011fini belirtti\u011fini ifade etti.<\/p>\n<p>Rusya D\u0131\u015fi\u015fleri, her iki taraf\u0131n aralar\u0131nda yerel uzla\u015fmalar\u0131n d\u00fczenlenmesini hedefleyen inisiyatif dahil Birle\u015fmi\u015f Milletler Suriye \u00f6zel temsilcisi Stafan De Mistura\u2019n\u0131n sundu\u011fu bar\u0131\u015f\u00e7\u0131l inisiyatiflerin \u00f6nemine i\u015faret etti.<\/p>\n<p>S.\u015e. &#8211; R.H.<\/p>\n","protected":false},"excerpt":{"rendered":"<p>MOSKOVA \u2013 Rusya D\u0131\u015fi\u015fleri Bakan\u0131 Sergey Lavrov Amerikal\u0131 mevkida\u015f\u0131 John Kerry ile d\u00fczenledi\u011fi telefon g\u00f6r\u00fc\u015fmesinde, Suriye\u2019deki krizin siyasi \u00e7\u00f6z\u00fcm yollar\u0131n\u0131 aramak i\u00e7in ilgili b\u00fct\u00fcn taraflar\u0131n \u00e7aba harcamas\u0131 gerekti\u011fini belirtti. Rusya D\u0131\u015fi\u015fleri Bakanl\u0131\u011f\u0131 yay\u0131nlad\u0131\u011f\u0131 beyanda, Kerry\u2019nin Lavrov\u2019a Suriye\u2019deki kriz konusunda beklenen Moskova g\u00f6r\u00fc\u015fmesini destekledi\u011fini belirtti\u011fini ifade etti. Rusya D\u0131\u015fi\u015fleri, her iki taraf\u0131n aralar\u0131nda yerel uzla\u015fmalar\u0131n d\u00fczenlenmesini &hellip;<\/p>\n","protected":false},"author":1,"featured_media":21419,"comment_status":"closed","ping_status":"closed","sticky":false,"template":"","format":"standard","meta":{"footnotes":""},"categories":[458,459,447],"tags":[10427,10426,10424,10425],"class_list":["post-21415","post","type-post","status-publish","format-standard","has-post-thumbnail","","category-dunya1","category-haberler-arap-uluslararasi-politika","category-politika","tag-her-iki-tarafin-aralarinda-yerel-uzlasmalarin-duzenlenmesini-hedefleyen-inisiyatif-dahil-birlesmis-milletler-suriye-ozel-temsilcisi-stafan-de-misturanin-sundugu-bariscil-inisiyatiflerin-onemi","tag-kerrynin-lavrova-suriyedeki-kriz-konusunda-beklenen-moskova-gorusmesini-destekledigini-belirttigini-ifade-etti-rusya-disisleri","tag-krize-cozum-bulmada-ilgili-taraflarin-gerekli-cabayi-harcamasi-gerekiyor-moskova-rusya-disisleri-bakani-sergey-lavrov-amerikali-mevkidasi-john-kerry-ile-duzenledigi-telefon-gorusmesinde","tag-suriyedeki-krizin-siyasi-cozum-yollarini-aramak-icin-ilgili-butun-taraflarin-caba-harcamasi-gerektigini-belirtti-rusya-disisleri-bakanligi-yayinladigi-beyanda"],"_links":{"self":[{"href":"https:\/\/archive.sana.sy\/tr\/index.php?rest_route=\/wp\/v2\/posts\/21415","targetHints":{"allow":["GET"]}}],"collection":[{"href":"https:\/\/archive.sana.sy\/tr\/index.php?rest_route=\/wp\/v2\/posts"}],"about":[{"href":"https:\/\/archive.sana.sy\/tr\/index.php?rest_route=\/wp\/v2\/types\/post"}],"author":[{"embeddable":true,"href":"https:\/\/archive.sana.sy\/tr\/index.php?rest_route=\/wp\/v2\/users\/1"}],"replies":[{"embeddable":true,"href":"https:\/\/archive.sana.sy\/tr\/index.php?rest_route=%2Fwp%2Fv2%2Fcomments&post=21415"}],"version-history":[{"count":0,"href":"https:\/\/archive.sana.sy\/tr\/index.php?rest_route=\/wp\/v2\/posts\/21415\/revisions"}],"wp:featuredmedia":[{"embeddable":true,"href":"https:\/\/archive.sana.sy\/tr\/index.php?rest_route=\/wp\/v2\/media\/21419"}],"wp:attachment":[{"href":"https:\/\/archive.sana.sy\/tr\/index.php?rest_route=%2Fwp%2Fv2%2Fmedia&parent=21415"}],"wp:term":[{"taxonomy":"category","embeddable":true,"href":"https:\/\/archive.sana.sy\/tr\/index.php?rest_route=%2Fwp%2Fv2%2Fcategories&post=21415"},{"taxonomy":"post_tag","embeddable":true,"href":"https:\/\/archive.sana.sy\/tr\/index.php?rest_route=%2Fwp%2Fv2%2Ftags&post=21415"}],"curies":[{"name":"wp","href":"https:\/\/api.w.org\/{rel}","templated":true}]}}