{"id":214376,"date":"2020-07-19T21:01:56","date_gmt":"2020-07-19T18:01:56","guid":{"rendered":"http:\/\/www.sana.sy\/tr\/?p=214376"},"modified":"2020-07-21T16:30:11","modified_gmt":"2020-07-21T13:30:11","slug":"secimler-yuksek-yargi-komitesi-baskani-halk-meclisi-secimlerine-katilim-oranlari-iyidir","status":"publish","type":"post","link":"https:\/\/archive.sana.sy\/tr\/?p=214376","title":{"rendered":"Se\u00e7imler Y\u00fcksek Yarg\u0131 Komitesi Ba\u015fkan\u0131, Halk Meclisi Se\u00e7imlerine Kat\u0131l\u0131m Oranlar\u0131 \u0130yidir.. Se\u00e7im S\u00fcresi 4 Saat Uzat\u0131ld\u0131"},"content":{"rendered":"<p>\u015eAM &#8211; Se\u00e7imler Y\u00fcksek Yarg\u0131 Komitesi Ba\u015fkan\u0131 yarg\u0131\u00e7 Samer Zemrik, \u00a03. Yasama devresi\u2019nde Halk Meclisi se\u00e7im eylemine kat\u0131l\u0131m oran\u0131n\u0131n iyi oldu\u011funu vurgulayarak se\u00e7im s\u00fcresinin korona tedbirleri ve kat\u0131l\u0131m e\u011filimi kapsam\u0131nda 4 saat daha uzat\u0131ld\u0131\u011f\u0131n\u0131 belirtti.<\/p>\n<p>Enformasyon Bakanl\u0131\u011f\u0131\u2019ndaki Medya Merkezinde gazetecilere verdi\u011fi deme\u00e7te yarg\u0131\u00e7 Zemrik, komitenin g\u00f6revi se\u00e7im eyleminin i\u015fleyi\u015fini, d\u00fcr\u00fcstl\u00fc\u011f\u00fc ve \u015feffafl\u0131\u011f\u0131n\u0131 sa\u011flamak oldu\u011funu s\u00f6yledi.<\/p>\n<p>Zemrik, se\u00e7im eyleminin uzat\u0131ld\u0131ktan sonra saat 23:00&#8217;de sona ermesiyle sand\u0131klar\u0131n komite ba\u015fkan\u0131 taraf\u0131ndan adaylar\u0131n veya temsilcilerinin \u00f6n\u00fcnde kapat\u0131laca\u011f\u0131 ve yan yarg\u0131 komitesine oy ayr\u0131m\u0131 yap\u0131p Se\u00e7imler Y\u00fcksek Yarg\u0131 Komitesi\u2019ne iade etmesi i\u00e7in g\u00f6nderilece\u011fini ifade etti.<\/p>\n<p>Sonu\u00e7lar hakk\u0131nda ise Zemrik, yar\u0131n ilan edilece\u011fi ve kazanmayan adaylar\u0131n Y\u00fcksek Anayasa Mahkemesi\u2019ne 3 g\u00fcn s\u00fcresinde temyiz ba\u015fvurusunda bulunabilece\u011fine dikkat \u00e7ekti.<\/p>\n<p>&nbsp;<\/p>\n","protected":false},"excerpt":{"rendered":"<p>\u015eAM &#8211; Se\u00e7imler Y\u00fcksek Yarg\u0131 Komitesi Ba\u015fkan\u0131 yarg\u0131\u00e7 Samer Zemrik, \u00a03. Yasama devresi\u2019nde Halk Meclisi se\u00e7im eylemine kat\u0131l\u0131m oran\u0131n\u0131n iyi oldu\u011funu vurgulayarak se\u00e7im s\u00fcresinin korona tedbirleri ve kat\u0131l\u0131m e\u011filimi kapsam\u0131nda 4 saat daha uzat\u0131ld\u0131\u011f\u0131n\u0131 belirtti. Enformasyon Bakanl\u0131\u011f\u0131\u2019ndaki Medya Merkezinde gazetecilere verdi\u011fi deme\u00e7te yarg\u0131\u00e7 Zemrik, komitenin g\u00f6revi se\u00e7im eyleminin i\u015fleyi\u015fini, d\u00fcr\u00fcstl\u00fc\u011f\u00fc ve \u015feffafl\u0131\u011f\u0131n\u0131 sa\u011flamak oldu\u011funu s\u00f6yledi. &hellip;<\/p>\n","protected":false},"author":1,"featured_media":214380,"comment_status":"closed","ping_status":"closed","sticky":false,"template":"","format":"standard","meta":{"footnotes":""},"categories":[479,17988,478],"tags":[],"class_list":["post-214376","post","type-post","status-publish","format-standard","has-post-thumbnail","","category-haberler-yerel","category-son-haberler","category-yerel"],"_links":{"self":[{"href":"https:\/\/archive.sana.sy\/tr\/index.php?rest_route=\/wp\/v2\/posts\/214376","targetHints":{"allow":["GET"]}}],"collection":[{"href":"https:\/\/archive.sana.sy\/tr\/index.php?rest_route=\/wp\/v2\/posts"}],"about":[{"href":"https:\/\/archive.sana.sy\/tr\/index.php?rest_route=\/wp\/v2\/types\/post"}],"author":[{"embeddable":true,"href":"https:\/\/archive.sana.sy\/tr\/index.php?rest_route=\/wp\/v2\/users\/1"}],"replies":[{"embeddable":true,"href":"https:\/\/archive.sana.sy\/tr\/index.php?rest_route=%2Fwp%2Fv2%2Fcomments&post=214376"}],"version-history":[{"count":0,"href":"https:\/\/archive.sana.sy\/tr\/index.php?rest_route=\/wp\/v2\/posts\/214376\/revisions"}],"wp:featuredmedia":[{"embeddable":true,"href":"https:\/\/archive.sana.sy\/tr\/index.php?rest_route=\/wp\/v2\/media\/214380"}],"wp:attachment":[{"href":"https:\/\/archive.sana.sy\/tr\/index.php?rest_route=%2Fwp%2Fv2%2Fmedia&parent=214376"}],"wp:term":[{"taxonomy":"category","embeddable":true,"href":"https:\/\/archive.sana.sy\/tr\/index.php?rest_route=%2Fwp%2Fv2%2Fcategories&post=214376"},{"taxonomy":"post_tag","embeddable":true,"href":"https:\/\/archive.sana.sy\/tr\/index.php?rest_route=%2Fwp%2Fv2%2Ftags&post=214376"}],"curies":[{"name":"wp","href":"https:\/\/api.w.org\/{rel}","templated":true}]}}