{"id":214384,"date":"2020-07-20T12:02:50","date_gmt":"2020-07-20T09:02:50","guid":{"rendered":"http:\/\/www.sana.sy\/tr\/?p=214384"},"modified":"2020-07-21T16:30:19","modified_gmt":"2020-07-21T13:30:19","slug":"idlib-ve-rakkali-vatandaslar-oylarini-kendilerine-tahsis-edilen-merkezlerde-kullandi","status":"publish","type":"post","link":"https:\/\/archive.sana.sy\/tr\/?p=214384","title":{"rendered":"\u0130dlib ve Rakkal\u0131 Vatanda\u015flar Oylar\u0131n\u0131 Kendilerine Tahsis Edilen Merkezlerde Kulland\u0131"},"content":{"rendered":"<p>\u0130LLER \u2013 Rakka ve \u0130dlib illerinden se\u00e7menleri i\u00e7in tahsis edilen Lazkiye ilindeki se\u00e7im merkezleri, se\u00e7im sand\u0131klar\u0131 g\u00f6zlemcileri ve se\u00e7menler taraf\u0131ndan se\u00e7im merkezlerinde korona vir\u00fcs\u00fcyle m\u00fccadele i\u00e7in al\u0131nan ihtiyati tedbir kapsam\u0131nda, d\u00fcn sabah ba\u015flayan se\u00e7im s\u00fcrecinin ba\u015flamas\u0131yla birlikte \u00e7ok iyi ge\u00e7ti.<\/p>\n<p>F\u0131rat Spor Kul\u00fcb\u00fc Ba\u015fkan\u0131 SANA muhabirine a\u00e7\u0131klamas\u0131nda, 3. Anayasa d\u00f6nemi Halk Meclisinde kendisini temsil edecek ki\u015fiyi se\u00e7ti\u011fini ve oyunu Rakkal\u0131lar i\u00e7in tahsis edilen merkez olan Zakzakaniye&#8217;deki Caferi Sad\u0131k Okulunda kulland\u0131\u011f\u0131na i\u015faret etti.<\/p>\n<p>Masa Topu \u015eampiyonu M\u00fccteba Hallak ise oyunu \u0130dlibli vatanda\u015flar i\u00e7in tahsis edilen merkez olan Te\u015frin \u00dcniversitesindeki merkezde kulland\u0131\u011f\u0131n\u0131 ve kendisi i\u00e7in sporcular\u0131 en iyi \u015fekilde temsil edecek olana oy kulland\u0131\u011f\u0131n\u0131 belirtti.<\/p>\n<p>S\u00fcveyda, Hama ve Homs illerinde ise \u0130dlibli vatanda\u015flar i\u00e7in ayr\u0131lan \u015eehit \u0130mad Kurbaj Okulundaki se\u00e7im merkezi se\u00e7im s\u00fcrecini ba\u015flamas\u0131yla birlikte se\u00e7menlerin ak\u0131n\u0131na u\u011framaya ba\u015flad\u0131.<\/p>\n<p>Rakkal\u0131 vatanda\u015flar i\u00e7in de yine ayn\u0131 illerde se\u00e7im merkezleri kuruldu ve vatanda\u015flar Halk Meclisinde kendilerini temsil edecek milletvekillerini se\u00e7mek i\u00e7in sand\u0131klarda oylar\u0131n\u0131 kulland\u0131lar.<\/p>\n","protected":false},"excerpt":{"rendered":"<p>\u0130LLER \u2013 Rakka ve \u0130dlib illerinden se\u00e7menleri i\u00e7in tahsis edilen Lazkiye ilindeki se\u00e7im merkezleri, se\u00e7im sand\u0131klar\u0131 g\u00f6zlemcileri ve se\u00e7menler taraf\u0131ndan se\u00e7im merkezlerinde korona vir\u00fcs\u00fcyle m\u00fccadele i\u00e7in al\u0131nan ihtiyati tedbir kapsam\u0131nda, d\u00fcn sabah ba\u015flayan se\u00e7im s\u00fcrecinin ba\u015flamas\u0131yla birlikte \u00e7ok iyi ge\u00e7ti. F\u0131rat Spor Kul\u00fcb\u00fc Ba\u015fkan\u0131 SANA muhabirine a\u00e7\u0131klamas\u0131nda, 3. Anayasa d\u00f6nemi Halk Meclisinde kendisini temsil edecek &hellip;<\/p>\n","protected":false},"author":1,"featured_media":214385,"comment_status":"closed","ping_status":"closed","sticky":false,"template":"","format":"standard","meta":{"footnotes":""},"categories":[479,17988,478],"tags":[],"class_list":["post-214384","post","type-post","status-publish","format-standard","has-post-thumbnail","","category-haberler-yerel","category-son-haberler","category-yerel"],"_links":{"self":[{"href":"https:\/\/archive.sana.sy\/tr\/index.php?rest_route=\/wp\/v2\/posts\/214384","targetHints":{"allow":["GET"]}}],"collection":[{"href":"https:\/\/archive.sana.sy\/tr\/index.php?rest_route=\/wp\/v2\/posts"}],"about":[{"href":"https:\/\/archive.sana.sy\/tr\/index.php?rest_route=\/wp\/v2\/types\/post"}],"author":[{"embeddable":true,"href":"https:\/\/archive.sana.sy\/tr\/index.php?rest_route=\/wp\/v2\/users\/1"}],"replies":[{"embeddable":true,"href":"https:\/\/archive.sana.sy\/tr\/index.php?rest_route=%2Fwp%2Fv2%2Fcomments&post=214384"}],"version-history":[{"count":0,"href":"https:\/\/archive.sana.sy\/tr\/index.php?rest_route=\/wp\/v2\/posts\/214384\/revisions"}],"wp:featuredmedia":[{"embeddable":true,"href":"https:\/\/archive.sana.sy\/tr\/index.php?rest_route=\/wp\/v2\/media\/214385"}],"wp:attachment":[{"href":"https:\/\/archive.sana.sy\/tr\/index.php?rest_route=%2Fwp%2Fv2%2Fmedia&parent=214384"}],"wp:term":[{"taxonomy":"category","embeddable":true,"href":"https:\/\/archive.sana.sy\/tr\/index.php?rest_route=%2Fwp%2Fv2%2Fcategories&post=214384"},{"taxonomy":"post_tag","embeddable":true,"href":"https:\/\/archive.sana.sy\/tr\/index.php?rest_route=%2Fwp%2Fv2%2Ftags&post=214384"}],"curies":[{"name":"wp","href":"https:\/\/api.w.org\/{rel}","templated":true}]}}