{"id":214387,"date":"2020-07-20T12:05:21","date_gmt":"2020-07-20T09:05:21","guid":{"rendered":"http:\/\/www.sana.sy\/tr\/?p=214387"},"modified":"2020-07-21T16:30:24","modified_gmt":"2020-07-21T13:30:24","slug":"silahli-kuvvetlerimiz-ucuncu-yasama-doneminde-halk-meclisi-secimlerinde-oylarini-kullandi","status":"publish","type":"post","link":"https:\/\/archive.sana.sy\/tr\/?p=214387","title":{"rendered":"Silahl\u0131 Kuvvetlerimiz \u00dc\u00e7\u00fcnc\u00fc Yasama D\u00f6neminde Halk Meclisi Se\u00e7imlerinde Oylar\u0131n\u0131 Kulland\u0131"},"content":{"rendered":"<p>\u015eAM \u2013 Muhtelif s\u0131n\u0131flar\u0131yla kahraman silahl\u0131 kuvvetlerimiz 3. Yasama D\u00f6enmi Halk Meclisi se\u00e7imlerinde oylar\u0131n\u0131 kulland\u0131lar. Ordu ve Silahl\u0131 Kuvvetler Genel Komutan Yard\u0131mc\u0131s\u0131 Savunma Bakan\u0131 Korgeneral Ali Abdullah Ey\u00fcp ve genel komutanl\u0131kta baz\u0131 subaylar Ordu ve Silahl\u0131 Genel Kuvvetleri Komutanl\u0131k binas\u0131ndaki se\u00e7im merkezinde oy kulland\u0131.<\/p>\n<p>Bu \u00e7er\u00e7evede Se\u00e7imler Y\u00fcksek Yarg\u0131 Komitesi Ba\u015fkan\u0131 Yarg\u0131\u00e7 Samir Zemrik Siyasi \u0130dare M\u00fcd\u00fcr\u00fcyle birlikte silahl\u0131 kuvvetlerimizin se\u00e7im merkezini gezdi ve se\u00e7im s\u00fcrecinin seyrini g\u00f6zden ge\u00e7irdi.<\/p>\n<p>Er ve Erba\u015flarla bilirkte Subay ve Astsubaylar, te\u015fkilat, k\u0131\u015fla, birlik, kurum ve m\u00fcesseseler, y\u00f6netim ve e\u011fitim alanlar\u0131, askeri mevki ve noktalarda se\u00e7imlere kat\u0131larak anayasal haklar\u0131n\u0131 kulland\u0131lar.<\/p>\n<p>\u00d6te yandan Kahraman Silahl\u0131 Kuvvetlerimizin yarl\u0131lar\u0131 ve Sa\u011fl\u0131k Ekipleri de t\u00fcm askeri hastanelerde Halk Meclisi Se\u00e7imlerinde oylar\u0131n\u0131 kulland\u0131.<\/p>\n","protected":false},"excerpt":{"rendered":"<p>\u015eAM \u2013 Muhtelif s\u0131n\u0131flar\u0131yla kahraman silahl\u0131 kuvvetlerimiz 3. Yasama D\u00f6enmi Halk Meclisi se\u00e7imlerinde oylar\u0131n\u0131 kulland\u0131lar. Ordu ve Silahl\u0131 Kuvvetler Genel Komutan Yard\u0131mc\u0131s\u0131 Savunma Bakan\u0131 Korgeneral Ali Abdullah Ey\u00fcp ve genel komutanl\u0131kta baz\u0131 subaylar Ordu ve Silahl\u0131 Genel Kuvvetleri Komutanl\u0131k binas\u0131ndaki se\u00e7im merkezinde oy kulland\u0131. Bu \u00e7er\u00e7evede Se\u00e7imler Y\u00fcksek Yarg\u0131 Komitesi Ba\u015fkan\u0131 Yarg\u0131\u00e7 Samir Zemrik Siyasi &hellip;<\/p>\n","protected":false},"author":1,"featured_media":214388,"comment_status":"closed","ping_status":"closed","sticky":false,"template":"","format":"standard","meta":{"footnotes":""},"categories":[479,17988,478],"tags":[],"class_list":["post-214387","post","type-post","status-publish","format-standard","has-post-thumbnail","","category-haberler-yerel","category-son-haberler","category-yerel"],"_links":{"self":[{"href":"https:\/\/archive.sana.sy\/tr\/index.php?rest_route=\/wp\/v2\/posts\/214387","targetHints":{"allow":["GET"]}}],"collection":[{"href":"https:\/\/archive.sana.sy\/tr\/index.php?rest_route=\/wp\/v2\/posts"}],"about":[{"href":"https:\/\/archive.sana.sy\/tr\/index.php?rest_route=\/wp\/v2\/types\/post"}],"author":[{"embeddable":true,"href":"https:\/\/archive.sana.sy\/tr\/index.php?rest_route=\/wp\/v2\/users\/1"}],"replies":[{"embeddable":true,"href":"https:\/\/archive.sana.sy\/tr\/index.php?rest_route=%2Fwp%2Fv2%2Fcomments&post=214387"}],"version-history":[{"count":0,"href":"https:\/\/archive.sana.sy\/tr\/index.php?rest_route=\/wp\/v2\/posts\/214387\/revisions"}],"wp:featuredmedia":[{"embeddable":true,"href":"https:\/\/archive.sana.sy\/tr\/index.php?rest_route=\/wp\/v2\/media\/214388"}],"wp:attachment":[{"href":"https:\/\/archive.sana.sy\/tr\/index.php?rest_route=%2Fwp%2Fv2%2Fmedia&parent=214387"}],"wp:term":[{"taxonomy":"category","embeddable":true,"href":"https:\/\/archive.sana.sy\/tr\/index.php?rest_route=%2Fwp%2Fv2%2Fcategories&post=214387"},{"taxonomy":"post_tag","embeddable":true,"href":"https:\/\/archive.sana.sy\/tr\/index.php?rest_route=%2Fwp%2Fv2%2Ftags&post=214387"}],"curies":[{"name":"wp","href":"https:\/\/api.w.org\/{rel}","templated":true}]}}