{"id":214393,"date":"2020-07-20T12:11:43","date_gmt":"2020-07-20T09:11:43","guid":{"rendered":"http:\/\/www.sana.sy\/tr\/?p=214393"},"modified":"2020-07-21T16:30:34","modified_gmt":"2020-07-21T13:30:34","slug":"nadal-halk-meclisi-secimleri-suriye-devlet-kurumlarinin-gucunu-yansitiyor","status":"publish","type":"post","link":"https:\/\/archive.sana.sy\/tr\/?p=214393","title":{"rendered":"Nadal: Halk Meclisi Se\u00e7imleri Suriye Devlet Kurumlar\u0131n\u0131n G\u00fcc\u00fcn\u00fc Yans\u0131t\u0131yor"},"content":{"rendered":"<p style=\"text-align: justify;\">HAVANA \u2013 K\u00fcbal\u0131 Gazeteci ve Siyasi Analizci Lionel Nadal, Suriye&#8217;de Halk Meclisi se\u00e7imlerinin ger\u00e7ekle\u015fmesinin, Amerika Birle\u015fik Devletleri ve m\u00fcttefiklerinin dayatt\u0131\u011f\u0131 zalim ekonomik icraatlarla Suriye&#8217;nin maruz kald\u0131klar\u0131na ra\u011fmen Suriye Devlet Kurumlar\u0131n\u0131n g\u00fcc\u00fcn\u00fc ispat etti\u011fini belirtti.<\/p>\n<p style=\"text-align: justify;\">&#8220;Suriye Yeni Parlamento Se\u00e7imleriyle G\u00fcc\u00fcn\u00fc Peki\u015ftiriyor&#8221; ba\u015fl\u0131\u011f\u0131 alt\u0131nda K\u00fcba Devrimci Gen\u00e7lik Gazetesnde kaleme ald\u0131\u011f\u0131 makalesinde Nadal, her yeni iradenin, i\u015fgalci Amerika&#8217;n\u0131n Suriye&#8217;deki hezimetinin yak\u0131nla\u015ft\u0131\u011f\u0131n\u0131 dile getiren halk iradesini yans\u0131tt\u0131\u011f\u0131n\u0131 vurgulayarak, Suriye Devleti&#8217;nin t\u00fcm ayr\u0131nt\u0131lar\u0131yla se\u00e7im sirecini garantiye ald\u0131\u011f\u0131na dikkat \u00e7ekti.<\/p>\n<p style=\"text-align: justify;\">K\u00fcbal\u0131 gazeteci, Suriye&#8217;nin topraklar\u0131n\u0131 ter\u00f6rizmden temizlemek ve Washington&#8217;un yeniden imar s\u00fcreci planlar\u0131n\u0131 aksatmak i\u00e7in dayatt\u0131\u011f\u0131 tek tarafl\u0131 bask\u0131c\u0131 zalim ekonomik icraatlar\u0131na ra\u011fmen, egemenli\u011fi ve toprak b\u00fct\u00fcnl\u00fc\u011f\u00fcn\u00fc koruma yolunda ilerledi\u011fine dikkat \u00e7ekti.<\/p>\n","protected":false},"excerpt":{"rendered":"<p>HAVANA \u2013 K\u00fcbal\u0131 Gazeteci ve Siyasi Analizci Lionel Nadal, Suriye&#8217;de Halk Meclisi se\u00e7imlerinin ger\u00e7ekle\u015fmesinin, Amerika Birle\u015fik Devletleri ve m\u00fcttefiklerinin dayatt\u0131\u011f\u0131 zalim ekonomik icraatlarla Suriye&#8217;nin maruz kald\u0131klar\u0131na ra\u011fmen Suriye Devlet Kurumlar\u0131n\u0131n g\u00fcc\u00fcn\u00fc ispat etti\u011fini belirtti. &#8220;Suriye Yeni Parlamento Se\u00e7imleriyle G\u00fcc\u00fcn\u00fc Peki\u015ftiriyor&#8221; ba\u015fl\u0131\u011f\u0131 alt\u0131nda K\u00fcba Devrimci Gen\u00e7lik Gazetesnde kaleme ald\u0131\u011f\u0131 makalesinde Nadal, her yeni iradenin, i\u015fgalci Amerika&#8217;n\u0131n &hellip;<\/p>\n","protected":false},"author":1,"featured_media":214394,"comment_status":"closed","ping_status":"closed","sticky":false,"template":"","format":"standard","meta":{"footnotes":""},"categories":[458,459,17988],"tags":[],"class_list":["post-214393","post","type-post","status-publish","format-standard","has-post-thumbnail","","category-dunya1","category-haberler-arap-uluslararasi-politika","category-son-haberler"],"_links":{"self":[{"href":"https:\/\/archive.sana.sy\/tr\/index.php?rest_route=\/wp\/v2\/posts\/214393","targetHints":{"allow":["GET"]}}],"collection":[{"href":"https:\/\/archive.sana.sy\/tr\/index.php?rest_route=\/wp\/v2\/posts"}],"about":[{"href":"https:\/\/archive.sana.sy\/tr\/index.php?rest_route=\/wp\/v2\/types\/post"}],"author":[{"embeddable":true,"href":"https:\/\/archive.sana.sy\/tr\/index.php?rest_route=\/wp\/v2\/users\/1"}],"replies":[{"embeddable":true,"href":"https:\/\/archive.sana.sy\/tr\/index.php?rest_route=%2Fwp%2Fv2%2Fcomments&post=214393"}],"version-history":[{"count":0,"href":"https:\/\/archive.sana.sy\/tr\/index.php?rest_route=\/wp\/v2\/posts\/214393\/revisions"}],"wp:featuredmedia":[{"embeddable":true,"href":"https:\/\/archive.sana.sy\/tr\/index.php?rest_route=\/wp\/v2\/media\/214394"}],"wp:attachment":[{"href":"https:\/\/archive.sana.sy\/tr\/index.php?rest_route=%2Fwp%2Fv2%2Fmedia&parent=214393"}],"wp:term":[{"taxonomy":"category","embeddable":true,"href":"https:\/\/archive.sana.sy\/tr\/index.php?rest_route=%2Fwp%2Fv2%2Fcategories&post=214393"},{"taxonomy":"post_tag","embeddable":true,"href":"https:\/\/archive.sana.sy\/tr\/index.php?rest_route=%2Fwp%2Fv2%2Ftags&post=214393"}],"curies":[{"name":"wp","href":"https:\/\/api.w.org\/{rel}","templated":true}]}}