{"id":214396,"date":"2020-07-20T14:58:57","date_gmt":"2020-07-20T11:58:57","guid":{"rendered":"http:\/\/www.sana.sy\/tr\/?p=214396"},"modified":"2020-07-21T16:30:40","modified_gmt":"2020-07-21T13:30:40","slug":"iran-disisleri-suriyede-parlamento-secimleri-istikrara-dogru-atilan-olumlu-adimdir","status":"publish","type":"post","link":"https:\/\/archive.sana.sy\/tr\/?p=214396","title":{"rendered":"\u0130ran D\u0131\u015fi\u015fleri: Suriye&#8217;de Parlamento Se\u00e7imleri \u0130stikrara Do\u011fru At\u0131lan Olumlu Ad\u0131md\u0131r"},"content":{"rendered":"<p style=\"text-align: justify;\">TAHRAN \u2013 \u0130ran D\u0131\u015fi\u015fleri Bakanl\u0131\u011f\u0131, Halk Meclisi se\u00e7imlerinin Suriye&#8217;de bar\u0131\u015f ve istikrara do\u011fru olumlu bir ad\u0131m oldu\u011funu belirtti.<\/p>\n<p style=\"text-align: justify;\">Bakanl\u0131k s\u00f6zc\u00fcs\u00fc Abbas Musevi, kendisine y\u00f6nelik zalim sava\u015f sonucunda Suriye halk\u0131n\u0131n ac\u0131lar\u0131, ter\u00f6rist \u00f6rg\u00fctlerin eylemlerinden kaynaklanan y\u0131k\u0131m, yabanc\u0131 i\u015fgal kuvvetlerinin varl\u0131\u011f\u0131 ve Suriye&#8217;ye dayat\u0131lan tek tarafl\u0131 keyfi icraatlar g\u00f6lgesinde s\u00f6z konusu se\u00e7imlerin yap\u0131lmas\u0131na y\u00f6nelik \u0130ran&#8217;\u0131n rahatl\u0131l\u0131\u011f\u0131n\u0131 dile getirdi.<\/p>\n<p style=\"text-align: justify;\">Musevi, \u0130ran&#8217;\u0131n s\u00f6z konusu se\u00e7imlerin, Suriye-Suriye siyasi diyalog eyleminde ilerleme, istikrar ve bar\u0131\u015fa do\u011fru ve Suriye halk\u0131n\u0131n ac\u0131lar\u0131n\u0131 azaltmas\u0131nda olumlu bir ad\u0131m olmas\u0131n\u0131 temenni etti\u011fine i\u015faret etti.<\/p>\n","protected":false},"excerpt":{"rendered":"<p>TAHRAN \u2013 \u0130ran D\u0131\u015fi\u015fleri Bakanl\u0131\u011f\u0131, Halk Meclisi se\u00e7imlerinin Suriye&#8217;de bar\u0131\u015f ve istikrara do\u011fru olumlu bir ad\u0131m oldu\u011funu belirtti. Bakanl\u0131k s\u00f6zc\u00fcs\u00fc Abbas Musevi, kendisine y\u00f6nelik zalim sava\u015f sonucunda Suriye halk\u0131n\u0131n ac\u0131lar\u0131, ter\u00f6rist \u00f6rg\u00fctlerin eylemlerinden kaynaklanan y\u0131k\u0131m, yabanc\u0131 i\u015fgal kuvvetlerinin varl\u0131\u011f\u0131 ve Suriye&#8217;ye dayat\u0131lan tek tarafl\u0131 keyfi icraatlar g\u00f6lgesinde s\u00f6z konusu se\u00e7imlerin yap\u0131lmas\u0131na y\u00f6nelik \u0130ran&#8217;\u0131n rahatl\u0131l\u0131\u011f\u0131n\u0131 dile &hellip;<\/p>\n","protected":false},"author":1,"featured_media":214397,"comment_status":"closed","ping_status":"closed","sticky":false,"template":"","format":"standard","meta":{"footnotes":""},"categories":[458,459,17988],"tags":[],"class_list":["post-214396","post","type-post","status-publish","format-standard","has-post-thumbnail","","category-dunya1","category-haberler-arap-uluslararasi-politika","category-son-haberler"],"_links":{"self":[{"href":"https:\/\/archive.sana.sy\/tr\/index.php?rest_route=\/wp\/v2\/posts\/214396","targetHints":{"allow":["GET"]}}],"collection":[{"href":"https:\/\/archive.sana.sy\/tr\/index.php?rest_route=\/wp\/v2\/posts"}],"about":[{"href":"https:\/\/archive.sana.sy\/tr\/index.php?rest_route=\/wp\/v2\/types\/post"}],"author":[{"embeddable":true,"href":"https:\/\/archive.sana.sy\/tr\/index.php?rest_route=\/wp\/v2\/users\/1"}],"replies":[{"embeddable":true,"href":"https:\/\/archive.sana.sy\/tr\/index.php?rest_route=%2Fwp%2Fv2%2Fcomments&post=214396"}],"version-history":[{"count":0,"href":"https:\/\/archive.sana.sy\/tr\/index.php?rest_route=\/wp\/v2\/posts\/214396\/revisions"}],"wp:featuredmedia":[{"embeddable":true,"href":"https:\/\/archive.sana.sy\/tr\/index.php?rest_route=\/wp\/v2\/media\/214397"}],"wp:attachment":[{"href":"https:\/\/archive.sana.sy\/tr\/index.php?rest_route=%2Fwp%2Fv2%2Fmedia&parent=214396"}],"wp:term":[{"taxonomy":"category","embeddable":true,"href":"https:\/\/archive.sana.sy\/tr\/index.php?rest_route=%2Fwp%2Fv2%2Fcategories&post=214396"},{"taxonomy":"post_tag","embeddable":true,"href":"https:\/\/archive.sana.sy\/tr\/index.php?rest_route=%2Fwp%2Fv2%2Ftags&post=214396"}],"curies":[{"name":"wp","href":"https:\/\/api.w.org\/{rel}","templated":true}]}}