{"id":214399,"date":"2020-07-20T15:01:46","date_gmt":"2020-07-20T12:01:46","guid":{"rendered":"http:\/\/www.sana.sy\/tr\/?p=214399"},"modified":"2020-07-21T16:30:47","modified_gmt":"2020-07-21T13:30:47","slug":"sb-yeni-26-koronavirus-vakasi-10-sifa-4-vefat","status":"publish","type":"post","link":"https:\/\/archive.sana.sy\/tr\/?p=214399","title":{"rendered":"SB: Yeni 26 Koronavir\u00fcs Vakas\u0131 10 \u015eifa 4 Vefat"},"content":{"rendered":"<p style=\"text-align: justify;\">\u015eam \u2013 Sa\u011fl\u0131k Bakanl\u0131\u011f\u0131 bug\u00fcn temas halinde olan \u015fah\u0131slarda 26 korona vir\u00fcs vakas\u0131n\u0131 tescil edildi\u011fini belirterek, Suriye\u2019de tescil edilen vakalardan 10&#8217;unun \u015fifa buldu\u011funu 4 vakan\u0131n da vefat etti\u011fini ilan etti.<\/p>\n<p style=\"text-align: justify;\">Bakanl\u0131k yay\u0131nlad\u0131\u011f\u0131 ve SANA\u2019n\u0131n bir n\u00fcshas\u0131n\u0131 ald\u0131\u011f\u0131 beyanda, Suriye\u2019de bug\u00fcne kadar tescil edilen korona vir\u00fcs vakalar\u0131 bilan\u00e7osunun 522&#8217;ye y\u00fckseldi\u011fini bunlardan 154\u2019\u00fcn\u00fcn \u015fifa buldu\u011funa 29\u2019unun da vefat etti\u011fini a\u00e7\u0131klad\u0131.<\/p>\n","protected":false},"excerpt":{"rendered":"<p>\u015eam \u2013 Sa\u011fl\u0131k Bakanl\u0131\u011f\u0131 bug\u00fcn temas halinde olan \u015fah\u0131slarda 26 korona vir\u00fcs vakas\u0131n\u0131 tescil edildi\u011fini belirterek, Suriye\u2019de tescil edilen vakalardan 10&#8217;unun \u015fifa buldu\u011funu 4 vakan\u0131n da vefat etti\u011fini ilan etti. Bakanl\u0131k yay\u0131nlad\u0131\u011f\u0131 ve SANA\u2019n\u0131n bir n\u00fcshas\u0131n\u0131 ald\u0131\u011f\u0131 beyanda, Suriye\u2019de bug\u00fcne kadar tescil edilen korona vir\u00fcs vakalar\u0131 bilan\u00e7osunun 522&#8217;ye y\u00fckseldi\u011fini bunlardan 154\u2019\u00fcn\u00fcn \u015fifa buldu\u011funa 29\u2019unun da &hellip;<\/p>\n","protected":false},"author":1,"featured_media":214400,"comment_status":"closed","ping_status":"closed","sticky":false,"template":"","format":"standard","meta":{"footnotes":""},"categories":[479,17988,478],"tags":[],"class_list":["post-214399","post","type-post","status-publish","format-standard","has-post-thumbnail","","category-haberler-yerel","category-son-haberler","category-yerel"],"_links":{"self":[{"href":"https:\/\/archive.sana.sy\/tr\/index.php?rest_route=\/wp\/v2\/posts\/214399","targetHints":{"allow":["GET"]}}],"collection":[{"href":"https:\/\/archive.sana.sy\/tr\/index.php?rest_route=\/wp\/v2\/posts"}],"about":[{"href":"https:\/\/archive.sana.sy\/tr\/index.php?rest_route=\/wp\/v2\/types\/post"}],"author":[{"embeddable":true,"href":"https:\/\/archive.sana.sy\/tr\/index.php?rest_route=\/wp\/v2\/users\/1"}],"replies":[{"embeddable":true,"href":"https:\/\/archive.sana.sy\/tr\/index.php?rest_route=%2Fwp%2Fv2%2Fcomments&post=214399"}],"version-history":[{"count":0,"href":"https:\/\/archive.sana.sy\/tr\/index.php?rest_route=\/wp\/v2\/posts\/214399\/revisions"}],"wp:featuredmedia":[{"embeddable":true,"href":"https:\/\/archive.sana.sy\/tr\/index.php?rest_route=\/wp\/v2\/media\/214400"}],"wp:attachment":[{"href":"https:\/\/archive.sana.sy\/tr\/index.php?rest_route=%2Fwp%2Fv2%2Fmedia&parent=214399"}],"wp:term":[{"taxonomy":"category","embeddable":true,"href":"https:\/\/archive.sana.sy\/tr\/index.php?rest_route=%2Fwp%2Fv2%2Fcategories&post=214399"},{"taxonomy":"post_tag","embeddable":true,"href":"https:\/\/archive.sana.sy\/tr\/index.php?rest_route=%2Fwp%2Fv2%2Ftags&post=214399"}],"curies":[{"name":"wp","href":"https:\/\/api.w.org\/{rel}","templated":true}]}}