{"id":21440,"date":"2015-01-21T12:45:28","date_gmt":"2015-01-21T10:45:28","guid":{"rendered":"http:\/\/sana.sy\/tr\/?p=21440"},"modified":"2015-01-21T12:41:52","modified_gmt":"2015-01-21T10:41:52","slug":"askeri-kaynak-ordu-ve-silahli-kuvvetlerden-birliklerimizin-kunaytra-kirsali-um-batina-meshara-ve-ofanya-beldelerinde-cok-sayida-teroristi-olu-ve-yarali-dusurduklerini-teroristlere-ait-hucreleri-de-i","status":"publish","type":"post","link":"https:\/\/archive.sana.sy\/tr\/?p=21440","title":{"rendered":"Askeri kaynak, ordu ve silahl\u0131 kuvvetlerden birliklerimizin Kunaytra k\u0131rsal\u0131 Um Bat\u0131na, Meshara ve Ofanya Beldelerinde \u00e7ok say\u0131da ter\u00f6risti \u00f6l\u00fc ve yaral\u0131 d\u00fc\u015f\u00fcrd\u00fcklerini ter\u00f6ristlere ait h\u00fccreleri de imha ettiklerini belirtti."},"content":{"rendered":"<p>Askeri kaynak, ordu ve silahl\u0131 kuvvetlerden birliklerimizin Kunaytra k\u0131rsal\u0131 Um Bat\u0131na, Meshara ve Ofanya Beldelerinde \u00e7ok say\u0131da ter\u00f6risti \u00f6l\u00fc ve yaral\u0131 d\u00fc\u015f\u00fcrd\u00fcklerini ter\u00f6ristlere ait h\u00fccreleri de imha ettiklerini belirtti.<\/p>\n","protected":false},"excerpt":{"rendered":"<p>Askeri kaynak, ordu ve silahl\u0131 kuvvetlerden birliklerimizin Kunaytra k\u0131rsal\u0131 Um Bat\u0131na, Meshara ve Ofanya Beldelerinde \u00e7ok say\u0131da ter\u00f6risti \u00f6l\u00fc ve yaral\u0131 d\u00fc\u015f\u00fcrd\u00fcklerini ter\u00f6ristlere ait h\u00fccreleri de imha ettiklerini belirtti.<\/p>\n","protected":false},"author":1,"featured_media":0,"comment_status":"closed","ping_status":"closed","sticky":false,"template":"","format":"standard","meta":{"footnotes":""},"categories":[1],"tags":[1031,10440,10439],"class_list":["post-21440","post","type-post","status-publish","format-standard","","category-news-not-sorted","tag-askeri-kaynak","tag-meshara-ve-ofanya-beldelerinde-cok-sayida-teroristi-olu-ve-yarali-dusurduklerini-teroristlere-ait-hucreleri-de-imha-ettiklerini-belirtti","tag-ordu-ve-silahli-kuvvetlerden-birliklerimizin-kunaytra-kirsali-um-batina"],"_links":{"self":[{"href":"https:\/\/archive.sana.sy\/tr\/index.php?rest_route=\/wp\/v2\/posts\/21440","targetHints":{"allow":["GET"]}}],"collection":[{"href":"https:\/\/archive.sana.sy\/tr\/index.php?rest_route=\/wp\/v2\/posts"}],"about":[{"href":"https:\/\/archive.sana.sy\/tr\/index.php?rest_route=\/wp\/v2\/types\/post"}],"author":[{"embeddable":true,"href":"https:\/\/archive.sana.sy\/tr\/index.php?rest_route=\/wp\/v2\/users\/1"}],"replies":[{"embeddable":true,"href":"https:\/\/archive.sana.sy\/tr\/index.php?rest_route=%2Fwp%2Fv2%2Fcomments&post=21440"}],"version-history":[{"count":0,"href":"https:\/\/archive.sana.sy\/tr\/index.php?rest_route=\/wp\/v2\/posts\/21440\/revisions"}],"wp:attachment":[{"href":"https:\/\/archive.sana.sy\/tr\/index.php?rest_route=%2Fwp%2Fv2%2Fmedia&parent=21440"}],"wp:term":[{"taxonomy":"category","embeddable":true,"href":"https:\/\/archive.sana.sy\/tr\/index.php?rest_route=%2Fwp%2Fv2%2Fcategories&post=21440"},{"taxonomy":"post_tag","embeddable":true,"href":"https:\/\/archive.sana.sy\/tr\/index.php?rest_route=%2Fwp%2Fv2%2Ftags&post=21440"}],"curies":[{"name":"wp","href":"https:\/\/api.w.org\/{rel}","templated":true}]}}