{"id":214467,"date":"2020-07-21T17:24:10","date_gmt":"2020-07-21T14:24:10","guid":{"rendered":"http:\/\/www.sana.sy\/tr\/?p=214467"},"modified":"2020-07-22T14:48:08","modified_gmt":"2020-07-22T11:48:08","slug":"cumhurbaskani-el-esadin-181-sayili-kararnamesinde-ikinci-sinavlara-girecek-lise-ogrencileri-belirlendi","status":"publish","type":"post","link":"https:\/\/archive.sana.sy\/tr\/?p=214467","title":{"rendered":"Cumhurba\u015fkan\u0131 el Esad Lise Son S\u0131n\u0131f \u00d6\u011frencilerine Tamamlay\u0131c\u0131 S\u0131nav Hakk\u0131 Veren 181 Say\u0131l\u0131 Kararnameyi \u00c7\u0131kard\u0131"},"content":{"rendered":"<p>\u015eAM \u2013 Cumhurba\u015fkan\u0131 Be\u015f\u015far el Esad bug\u00fcn \u00e7\u0131kard\u0131\u011f\u0131 2020 y\u0131l\u0131 181 say\u0131l\u0131 kararnamesiyle, 2020 e\u011fitim-\u00f6\u011fretim y\u0131l\u0131n\u0131n ilk devresine kay\u0131tl\u0131 lise \u00f6\u011frencilerinin, 2020 y\u0131l\u0131n\u0131n 118 say\u0131l\u0131 kararnamede kay\u0131tl\u0131 kararlara g\u00f6re 2 tane e\u011fitim maddesinin s\u0131nav\u0131n\u0131 yeniden yapmas\u0131na hak sa\u011flad\u0131.<\/p>\n<p>Cumhurba\u015fkan\u0131 el Esad bug\u00fcn yay\u0131nlad\u0131\u011f\u0131 kararnamesiyle ayr\u0131ca; karantinada bulunan veya ter\u00f6r gruplar\u0131n\u0131n s\u0131navlara kat\u0131lmalar\u0131na izin vermedi\u011fi \u00f6\u011frencilere t\u00fcm s\u0131nav devresini yeniden yapma hakk\u0131 da sa\u011flad\u0131.<\/p>\n<p>\u00c7eviri: P.M. ve S.\u015e.<\/p>\n","protected":false},"excerpt":{"rendered":"<p>\u015eAM \u2013 Cumhurba\u015fkan\u0131 Be\u015f\u015far el Esad bug\u00fcn \u00e7\u0131kard\u0131\u011f\u0131 2020 y\u0131l\u0131 181 say\u0131l\u0131 kararnamesiyle, 2020 e\u011fitim-\u00f6\u011fretim y\u0131l\u0131n\u0131n ilk devresine kay\u0131tl\u0131 lise \u00f6\u011frencilerinin, 2020 y\u0131l\u0131n\u0131n 118 say\u0131l\u0131 kararnamede kay\u0131tl\u0131 kararlara g\u00f6re 2 tane e\u011fitim maddesinin s\u0131nav\u0131n\u0131 yeniden yapmas\u0131na hak sa\u011flad\u0131. Cumhurba\u015fkan\u0131 el Esad bug\u00fcn yay\u0131nlad\u0131\u011f\u0131 kararnamesiyle ayr\u0131ca; karantinada bulunan veya ter\u00f6r gruplar\u0131n\u0131n s\u0131navlara kat\u0131lmalar\u0131na izin vermedi\u011fi \u00f6\u011frencilere &hellip;<\/p>\n","protected":false},"author":1,"featured_media":214468,"comment_status":"closed","ping_status":"closed","sticky":false,"template":"","format":"standard","meta":{"footnotes":""},"categories":[479,605,17988,612,478],"tags":[],"class_list":["post-214467","post","type-post","status-publish","format-standard","has-post-thumbnail","","category-haberler-yerel","category-sayin-cumhurbaskani","category-son-haberler","category-yasama-kararnameler","category-yerel"],"_links":{"self":[{"href":"https:\/\/archive.sana.sy\/tr\/index.php?rest_route=\/wp\/v2\/posts\/214467","targetHints":{"allow":["GET"]}}],"collection":[{"href":"https:\/\/archive.sana.sy\/tr\/index.php?rest_route=\/wp\/v2\/posts"}],"about":[{"href":"https:\/\/archive.sana.sy\/tr\/index.php?rest_route=\/wp\/v2\/types\/post"}],"author":[{"embeddable":true,"href":"https:\/\/archive.sana.sy\/tr\/index.php?rest_route=\/wp\/v2\/users\/1"}],"replies":[{"embeddable":true,"href":"https:\/\/archive.sana.sy\/tr\/index.php?rest_route=%2Fwp%2Fv2%2Fcomments&post=214467"}],"version-history":[{"count":0,"href":"https:\/\/archive.sana.sy\/tr\/index.php?rest_route=\/wp\/v2\/posts\/214467\/revisions"}],"wp:featuredmedia":[{"embeddable":true,"href":"https:\/\/archive.sana.sy\/tr\/index.php?rest_route=\/wp\/v2\/media\/214468"}],"wp:attachment":[{"href":"https:\/\/archive.sana.sy\/tr\/index.php?rest_route=%2Fwp%2Fv2%2Fmedia&parent=214467"}],"wp:term":[{"taxonomy":"category","embeddable":true,"href":"https:\/\/archive.sana.sy\/tr\/index.php?rest_route=%2Fwp%2Fv2%2Fcategories&post=214467"},{"taxonomy":"post_tag","embeddable":true,"href":"https:\/\/archive.sana.sy\/tr\/index.php?rest_route=%2Fwp%2Fv2%2Ftags&post=214467"}],"curies":[{"name":"wp","href":"https:\/\/api.w.org\/{rel}","templated":true}]}}