{"id":214471,"date":"2020-07-19T23:55:19","date_gmt":"2020-07-19T20:55:19","guid":{"rendered":"http:\/\/www.sana.sy\/tr\/?p=214471"},"modified":"2020-07-21T17:55:24","modified_gmt":"2020-07-21T14:55:24","slug":"yurdun-farkli-bolgelerinde-halk-meclisi-secimlerinden-alinan-sahneler","status":"publish","type":"post","link":"https:\/\/archive.sana.sy\/tr\/?p=214471","title":{"rendered":"Yurdun farkl\u0131 b\u00f6lgelerinde Halk Meclisi Se\u00e7imlerinden al\u0131nan sahneler"},"content":{"rendered":"<p>Yurdun farkl\u0131 b\u00f6lgelerinde Halk Meclisi Se\u00e7imlerinden al\u0131nan sahneler.<\/p>\n<p style=\"text-align: center;\"><span style=\"color: #0000ff;\">\u015eAM KENT\u0130NDEK\u0130 SE\u00c7\u0130M MERKEZLER\u0130<\/span><\/p>\n<p style=\"text-align: center;\"><iframe loading=\"lazy\" src=\"https:\/\/www.youtube.com\/embed\/5989gYrwz7k\" width=\"620\" height=\"347\" frameborder=\"0\" allowfullscreen=\"allowfullscreen\"><\/iframe><\/p>\n<p style=\"text-align: center;\"><span style=\"color: #0000ff;\">Ba\u015fbakan H\u00fcseyin Arnus ve di\u011fer bakanlar oy kullan\u0131yor<\/span><\/p>\n<p style=\"text-align: center;\"><iframe loading=\"lazy\" src=\"https:\/\/www.youtube.com\/embed\/ysw4aja9fa0\" width=\"620\" height=\"347\" frameborder=\"0\" allowfullscreen=\"allowfullscreen\"><\/iframe><\/p>\n<p style=\"text-align: center;\"><span style=\"color: #0000ff;\">SANA&#8217;daki Se\u00e7im Merkezinde Vatanda\u015flar Oy Kullan\u0131yor<\/span><\/p>\n<p style=\"text-align: center;\"><iframe loading=\"lazy\" src=\"https:\/\/www.youtube.com\/embed\/ss79w0lqJag\" width=\"620\" height=\"347\" frameborder=\"0\" allowfullscreen=\"allowfullscreen\"><\/iframe><\/p>\n<p style=\"text-align: center;\"><span style=\"color: #0000ff;\">Silahl\u0131 Kuvvetlerimiz Oy Kullanmaya Anayasal Haklar\u0131n\u0131 Uyguluyor<\/span><\/p>\n<p style=\"text-align: center;\"><iframe loading=\"lazy\" src=\"https:\/\/www.youtube.com\/embed\/DOOAjy38lyQ\" width=\"620\" height=\"347\" frameborder=\"0\" allowfullscreen=\"allowfullscreen\"><\/iframe><\/p>\n<p style=\"text-align: center;\"><span style=\"color: #0000ff;\">DERA \u0130lindeki Se\u00e7im Merkezlerinden al\u0131nan g\u00f6r\u00fcnt\u00fcler<\/span><\/p>\n<p style=\"text-align: center;\"><iframe loading=\"lazy\" src=\"https:\/\/www.youtube.com\/embed\/WoWij15d164\" width=\"620\" height=\"347\" frameborder=\"0\" allowfullscreen=\"allowfullscreen\"><\/iframe><\/p>\n<p style=\"text-align: center;\"><span style=\"color: #0000ff;\">HALEP<\/span><\/p>\n<p style=\"text-align: center;\"><iframe loading=\"lazy\" src=\"https:\/\/www.youtube.com\/embed\/Trlj4Ebs5Ck\" width=\"620\" height=\"347\" frameborder=\"0\" allowfullscreen=\"allowfullscreen\"><\/iframe><\/p>\n<p style=\"text-align: center;\"><span style=\"color: #0000ff;\">HASEKE<\/span><\/p>\n<p style=\"text-align: center;\"><iframe loading=\"lazy\" src=\"https:\/\/www.youtube.com\/embed\/810nE4mzCdU\" width=\"620\" height=\"347\" frameborder=\"0\" allowfullscreen=\"allowfullscreen\"><\/iframe><\/p>\n","protected":false},"excerpt":{"rendered":"<p>Yurdun farkl\u0131 b\u00f6lgelerinde Halk Meclisi Se\u00e7imlerinden al\u0131nan sahneler. \u015eAM KENT\u0130NDEK\u0130 SE\u00c7\u0130M MERKEZLER\u0130 Ba\u015fbakan H\u00fcseyin Arnus ve di\u011fer bakanlar oy kullan\u0131yor SANA&#8217;daki Se\u00e7im Merkezinde Vatanda\u015flar Oy Kullan\u0131yor Silahl\u0131 Kuvvetlerimiz Oy Kullanmaya Anayasal Haklar\u0131n\u0131 Uyguluyor DERA \u0130lindeki Se\u00e7im Merkezlerinden al\u0131nan g\u00f6r\u00fcnt\u00fcler HALEP HASEKE<\/p>\n","protected":false},"author":1,"featured_media":214479,"comment_status":"closed","ping_status":"closed","sticky":false,"template":"","format":"standard","meta":{"footnotes":""},"categories":[18295],"tags":[],"class_list":["post-214471","post","type-post","status-publish","format-standard","has-post-thumbnail","","category-sana-video"],"_links":{"self":[{"href":"https:\/\/archive.sana.sy\/tr\/index.php?rest_route=\/wp\/v2\/posts\/214471","targetHints":{"allow":["GET"]}}],"collection":[{"href":"https:\/\/archive.sana.sy\/tr\/index.php?rest_route=\/wp\/v2\/posts"}],"about":[{"href":"https:\/\/archive.sana.sy\/tr\/index.php?rest_route=\/wp\/v2\/types\/post"}],"author":[{"embeddable":true,"href":"https:\/\/archive.sana.sy\/tr\/index.php?rest_route=\/wp\/v2\/users\/1"}],"replies":[{"embeddable":true,"href":"https:\/\/archive.sana.sy\/tr\/index.php?rest_route=%2Fwp%2Fv2%2Fcomments&post=214471"}],"version-history":[{"count":0,"href":"https:\/\/archive.sana.sy\/tr\/index.php?rest_route=\/wp\/v2\/posts\/214471\/revisions"}],"wp:featuredmedia":[{"embeddable":true,"href":"https:\/\/archive.sana.sy\/tr\/index.php?rest_route=\/wp\/v2\/media\/214479"}],"wp:attachment":[{"href":"https:\/\/archive.sana.sy\/tr\/index.php?rest_route=%2Fwp%2Fv2%2Fmedia&parent=214471"}],"wp:term":[{"taxonomy":"category","embeddable":true,"href":"https:\/\/archive.sana.sy\/tr\/index.php?rest_route=%2Fwp%2Fv2%2Fcategories&post=214471"},{"taxonomy":"post_tag","embeddable":true,"href":"https:\/\/archive.sana.sy\/tr\/index.php?rest_route=%2Fwp%2Fv2%2Ftags&post=214471"}],"curies":[{"name":"wp","href":"https:\/\/api.w.org\/{rel}","templated":true}]}}