{"id":214486,"date":"2020-07-21T19:28:28","date_gmt":"2020-07-21T16:28:28","guid":{"rendered":"http:\/\/www.sana.sy\/tr\/?p=214486"},"modified":"2020-07-22T14:48:58","modified_gmt":"2020-07-22T11:48:58","slug":"egitim-bakani-2-devre-sinavlari-gelecek-agustos-ayin-22den-31e-kadar-yer-alacak","status":"publish","type":"post","link":"https:\/\/archive.sana.sy\/tr\/?p=214486","title":{"rendered":"E\u011fitim Bakan\u0131: 2. Devre S\u0131navlar\u0131 Gelecek 22-31 A\u011fustos Tarihleri Aras\u0131nda Yap\u0131lacak"},"content":{"rendered":"<p>\u015eAM \u2013 E\u011fitim Bakan\u0131 \u0130mad el Azb bug\u00fcn, lise diplomas\u0131 o\u011frenciler i\u00e7in gelecek A\u011fustos ay\u0131n\u0131n 22\u2019de ikini s\u0131nav devresi yap\u0131laca\u011f\u0131n\u0131 ve ayn\u0131 ay\u0131n 31\u2019e kadar s\u00fcrece\u011fini a\u00e7\u0131klad\u0131.<\/p>\n<p>El \u0130hbariye el Suriye televisyon kanal\u0131yla bulundu\u011fu telefonlu g\u00f6r\u00fc\u015fmede Bakan el Azb; Cumhurba\u015fkan\u0131 taraf\u0131ndan \u00e7\u0131kar\u0131lan 2020 tarihli 181 say\u0131l\u0131 karanamesinin kararlar\u0131na uygun olarak, edebiyat, bilim, meslek ve \u015feriat lise diplamas\u0131n\u0131n 2020 y\u0131l\u0131n\u0131n ilk devresine kay\u0131tl\u0131 \u00f6\u011frenciler i\u00e7in gelecek A\u011fustos ay\u0131n\u0131n 22\u2019den 31\u2019e kadar ikinci s\u0131nav turu yap\u0131laca\u011f\u0131n\u0131 belirtti. El Azb; \u00f6\u011frencilere sadece 2 e\u011fitim maddesinin s\u0131navlar\u0131n\u0131 yeniden vermeye izin verilece\u011fini belirtti.<\/p>\n<p>El Azb; sadece karantinada veya ter\u00f6r gruplar\u0131 taraf\u0131ndan s\u0131nav merkezlere ula\u015fmalar\u0131n\u0131 engellenmi\u015f \u00f6\u011frencilerin 2. Devredeki t\u00fcm s\u0131navlar\u0131na yapmaya \u015fans verilece\u011fini ekledi.<\/p>\n<p>\u00c7eviri: P.M.<\/p>\n","protected":false},"excerpt":{"rendered":"<p>\u015eAM \u2013 E\u011fitim Bakan\u0131 \u0130mad el Azb bug\u00fcn, lise diplomas\u0131 o\u011frenciler i\u00e7in gelecek A\u011fustos ay\u0131n\u0131n 22\u2019de ikini s\u0131nav devresi yap\u0131laca\u011f\u0131n\u0131 ve ayn\u0131 ay\u0131n 31\u2019e kadar s\u00fcrece\u011fini a\u00e7\u0131klad\u0131. El \u0130hbariye el Suriye televisyon kanal\u0131yla bulundu\u011fu telefonlu g\u00f6r\u00fc\u015fmede Bakan el Azb; Cumhurba\u015fkan\u0131 taraf\u0131ndan \u00e7\u0131kar\u0131lan 2020 tarihli 181 say\u0131l\u0131 karanamesinin kararlar\u0131na uygun olarak, edebiyat, bilim, meslek ve \u015feriat &hellip;<\/p>\n","protected":false},"author":1,"featured_media":214489,"comment_status":"closed","ping_status":"closed","sticky":false,"template":"","format":"standard","meta":{"footnotes":""},"categories":[479,17988,478],"tags":[],"class_list":["post-214486","post","type-post","status-publish","format-standard","has-post-thumbnail","","category-haberler-yerel","category-son-haberler","category-yerel"],"_links":{"self":[{"href":"https:\/\/archive.sana.sy\/tr\/index.php?rest_route=\/wp\/v2\/posts\/214486","targetHints":{"allow":["GET"]}}],"collection":[{"href":"https:\/\/archive.sana.sy\/tr\/index.php?rest_route=\/wp\/v2\/posts"}],"about":[{"href":"https:\/\/archive.sana.sy\/tr\/index.php?rest_route=\/wp\/v2\/types\/post"}],"author":[{"embeddable":true,"href":"https:\/\/archive.sana.sy\/tr\/index.php?rest_route=\/wp\/v2\/users\/1"}],"replies":[{"embeddable":true,"href":"https:\/\/archive.sana.sy\/tr\/index.php?rest_route=%2Fwp%2Fv2%2Fcomments&post=214486"}],"version-history":[{"count":0,"href":"https:\/\/archive.sana.sy\/tr\/index.php?rest_route=\/wp\/v2\/posts\/214486\/revisions"}],"wp:featuredmedia":[{"embeddable":true,"href":"https:\/\/archive.sana.sy\/tr\/index.php?rest_route=\/wp\/v2\/media\/214489"}],"wp:attachment":[{"href":"https:\/\/archive.sana.sy\/tr\/index.php?rest_route=%2Fwp%2Fv2%2Fmedia&parent=214486"}],"wp:term":[{"taxonomy":"category","embeddable":true,"href":"https:\/\/archive.sana.sy\/tr\/index.php?rest_route=%2Fwp%2Fv2%2Fcategories&post=214486"},{"taxonomy":"post_tag","embeddable":true,"href":"https:\/\/archive.sana.sy\/tr\/index.php?rest_route=%2Fwp%2Fv2%2Ftags&post=214486"}],"curies":[{"name":"wp","href":"https:\/\/api.w.org\/{rel}","templated":true}]}}