{"id":214491,"date":"2020-07-21T19:47:59","date_gmt":"2020-07-21T16:47:59","guid":{"rendered":"http:\/\/www.sana.sy\/tr\/?p=214491"},"modified":"2020-07-22T14:49:00","modified_gmt":"2020-07-22T11:49:00","slug":"secimler-yuksek-yargi-komitesi-halk-meclisi-secimlerinin-sonuclarini-bildirdi","status":"publish","type":"post","link":"https:\/\/archive.sana.sy\/tr\/?p=214491","title":{"rendered":"SYYK 3. Yasama D\u00f6nemi Halk Meclisi Se\u00e7im Sonu\u00e7lar\u0131n\u0131 \u0130lan Etti"},"content":{"rendered":"<p>\u015eAM \u2013 Se\u00e7imler Y\u00fcksek Yarg\u0131 Komitesi bug\u00fcn Halk Meclisi se\u00e7imlerinin sonu\u00e7lar\u0131n\u0131 a\u00e7\u0131klad\u0131.<\/p>\n<p>Komite Ba\u015fkan\u0131 Yarg\u0131\u00e7 Samir Zemrik Adalet Bakanl\u0131\u011f\u0131 binas\u0131nda d\u00fczenlenen bas\u0131n toplant\u0131s\u0131nda, kazananlar\u0131n listesini okudu\u011fu ard\u0131ndan illerdeki yarg\u0131 yan komitelerinin oy say\u0131m i\u015flemlerini bitirdi\u011fini ve komisyona bildirdi\u011fini a\u00e7\u0131klad\u0131. Zemrik; se\u00e7imlerde oy kullananlar\u0131n oran\u0131n\u0131n % 33,17 oldu\u011funu s\u00f6yledi.<\/p>\n<p>19 Temmuz\u2019un saat 23\u2019de sona eren Halk Meclisi se\u00e7imleri ard\u0131ndan, Se\u00e7imler Y\u00fcksek Yarg\u0131 Komitesinin illerdeki \u015f\u00fcbeler oylar\u0131 sayma \u00e7al\u0131\u015fmalar\u0131na ba\u015flam\u0131\u015ft\u0131. Halk Meclisi\u2019ndeki 250 milletvekili yerine se\u00e7ilmek i\u00e7in, 200 kad\u0131n aday\u0131n\u0131n bulundu\u011fu toplam 1656 aday yar\u0131\u015ft\u0131.<\/p>\n<p>\u00c7eviri: P.M. ve S.\u015e.<\/p>\n","protected":false},"excerpt":{"rendered":"<p>\u015eAM \u2013 Se\u00e7imler Y\u00fcksek Yarg\u0131 Komitesi bug\u00fcn Halk Meclisi se\u00e7imlerinin sonu\u00e7lar\u0131n\u0131 a\u00e7\u0131klad\u0131. Komite Ba\u015fkan\u0131 Yarg\u0131\u00e7 Samir Zemrik Adalet Bakanl\u0131\u011f\u0131 binas\u0131nda d\u00fczenlenen bas\u0131n toplant\u0131s\u0131nda, kazananlar\u0131n listesini okudu\u011fu ard\u0131ndan illerdeki yarg\u0131 yan komitelerinin oy say\u0131m i\u015flemlerini bitirdi\u011fini ve komisyona bildirdi\u011fini a\u00e7\u0131klad\u0131. Zemrik; se\u00e7imlerde oy kullananlar\u0131n oran\u0131n\u0131n % 33,17 oldu\u011funu s\u00f6yledi. 19 Temmuz\u2019un saat 23\u2019de sona eren Halk &hellip;<\/p>\n","protected":false},"author":1,"featured_media":214492,"comment_status":"closed","ping_status":"closed","sticky":false,"template":"","format":"standard","meta":{"footnotes":""},"categories":[479,17988,478],"tags":[],"class_list":["post-214491","post","type-post","status-publish","format-standard","has-post-thumbnail","","category-haberler-yerel","category-son-haberler","category-yerel"],"_links":{"self":[{"href":"https:\/\/archive.sana.sy\/tr\/index.php?rest_route=\/wp\/v2\/posts\/214491","targetHints":{"allow":["GET"]}}],"collection":[{"href":"https:\/\/archive.sana.sy\/tr\/index.php?rest_route=\/wp\/v2\/posts"}],"about":[{"href":"https:\/\/archive.sana.sy\/tr\/index.php?rest_route=\/wp\/v2\/types\/post"}],"author":[{"embeddable":true,"href":"https:\/\/archive.sana.sy\/tr\/index.php?rest_route=\/wp\/v2\/users\/1"}],"replies":[{"embeddable":true,"href":"https:\/\/archive.sana.sy\/tr\/index.php?rest_route=%2Fwp%2Fv2%2Fcomments&post=214491"}],"version-history":[{"count":0,"href":"https:\/\/archive.sana.sy\/tr\/index.php?rest_route=\/wp\/v2\/posts\/214491\/revisions"}],"wp:featuredmedia":[{"embeddable":true,"href":"https:\/\/archive.sana.sy\/tr\/index.php?rest_route=\/wp\/v2\/media\/214492"}],"wp:attachment":[{"href":"https:\/\/archive.sana.sy\/tr\/index.php?rest_route=%2Fwp%2Fv2%2Fmedia&parent=214491"}],"wp:term":[{"taxonomy":"category","embeddable":true,"href":"https:\/\/archive.sana.sy\/tr\/index.php?rest_route=%2Fwp%2Fv2%2Fcategories&post=214491"},{"taxonomy":"post_tag","embeddable":true,"href":"https:\/\/archive.sana.sy\/tr\/index.php?rest_route=%2Fwp%2Fv2%2Ftags&post=214491"}],"curies":[{"name":"wp","href":"https:\/\/api.w.org\/{rel}","templated":true}]}}