{"id":214526,"date":"2020-07-22T12:49:30","date_gmt":"2020-07-22T09:49:30","guid":{"rendered":"http:\/\/www.sana.sy\/tr\/?p=214526"},"modified":"2020-07-22T12:49:30","modified_gmt":"2020-07-22T09:49:30","slug":"samdaki-guney-afrika-buyukelciliginde-nelson-mandela-gunu-munasebetiyle-kutlama-faaliyeti-duzenlendi","status":"publish","type":"post","link":"https:\/\/archive.sana.sy\/tr\/?p=214526","title":{"rendered":"\u015eam\u2019daki G\u00fcney Afrika B\u00fcy\u00fckel\u00e7ili\u011finde Nelson Mandela g\u00fcn\u00fc m\u00fcnasebetiyle kutlama faaliyeti d\u00fczenlendi"},"content":{"rendered":"<p>\u015eam\u2019daki G\u00fcney Afrika B\u00fcy\u00fckel\u00e7ili\u011finde Nelson Mandela g\u00fcn\u00fc m\u00fcnasebetiyle kutlama faaliyeti d\u00fczenlendi<br \/>\n<iframe loading=\"lazy\" src=\"https:\/\/www.youtube.com\/embed\/8Kw60AfF9vs\" width=\"620\" height=\"347\" frameborder=\"0\" allowfullscreen=\"allowfullscreen\"><\/iframe><\/p>\n","protected":false},"excerpt":{"rendered":"<p>\u015eam\u2019daki G\u00fcney Afrika B\u00fcy\u00fckel\u00e7ili\u011finde Nelson Mandela g\u00fcn\u00fc m\u00fcnasebetiyle kutlama faaliyeti d\u00fczenlendi<\/p>\n","protected":false},"author":1,"featured_media":214527,"comment_status":"closed","ping_status":"closed","sticky":false,"template":"","format":"standard","meta":{"footnotes":""},"categories":[18295],"tags":[],"class_list":["post-214526","post","type-post","status-publish","format-standard","has-post-thumbnail","","category-sana-video"],"_links":{"self":[{"href":"https:\/\/archive.sana.sy\/tr\/index.php?rest_route=\/wp\/v2\/posts\/214526","targetHints":{"allow":["GET"]}}],"collection":[{"href":"https:\/\/archive.sana.sy\/tr\/index.php?rest_route=\/wp\/v2\/posts"}],"about":[{"href":"https:\/\/archive.sana.sy\/tr\/index.php?rest_route=\/wp\/v2\/types\/post"}],"author":[{"embeddable":true,"href":"https:\/\/archive.sana.sy\/tr\/index.php?rest_route=\/wp\/v2\/users\/1"}],"replies":[{"embeddable":true,"href":"https:\/\/archive.sana.sy\/tr\/index.php?rest_route=%2Fwp%2Fv2%2Fcomments&post=214526"}],"version-history":[{"count":0,"href":"https:\/\/archive.sana.sy\/tr\/index.php?rest_route=\/wp\/v2\/posts\/214526\/revisions"}],"wp:featuredmedia":[{"embeddable":true,"href":"https:\/\/archive.sana.sy\/tr\/index.php?rest_route=\/wp\/v2\/media\/214527"}],"wp:attachment":[{"href":"https:\/\/archive.sana.sy\/tr\/index.php?rest_route=%2Fwp%2Fv2%2Fmedia&parent=214526"}],"wp:term":[{"taxonomy":"category","embeddable":true,"href":"https:\/\/archive.sana.sy\/tr\/index.php?rest_route=%2Fwp%2Fv2%2Fcategories&post=214526"},{"taxonomy":"post_tag","embeddable":true,"href":"https:\/\/archive.sana.sy\/tr\/index.php?rest_route=%2Fwp%2Fv2%2Ftags&post=214526"}],"curies":[{"name":"wp","href":"https:\/\/api.w.org\/{rel}","templated":true}]}}